{"id":2226,"date":"2020-03-17T19:29:59","date_gmt":"2020-03-17T19:29:59","guid":{"rendered":"https:\/\/lbo2.localbiodiversityoutlooks.net\/objectif-17-strategies-et-plans-daction-pour-la-diversite-biologique\/"},"modified":"2021-03-02T16:47:39","modified_gmt":"2021-03-02T16:47:39","slug":"objectif-17-strategies-et-plans-daction-pour-la-diversite-biologique","status":"publish","type":"post","link":"https:\/\/lbo2.localbiodiversityoutlooks.net\/fr\/objectif-17-strategies-et-plans-daction-pour-la-diversite-biologique\/","title":{"rendered":"Objectif 17 : strat\u00e9gies et plans d&rsquo;action pour la diversit\u00e9 biologique"},"content":{"rendered":"<p>[vc_row full_width=\u00a0\u00bbstretch_row\u00a0\u00bb full_height=\u00a0\u00bbyes\u00a0\u00bb css_animation=\u00a0\u00bbnone\u00a0\u00bb bg_type=\u00a0\u00bbbg_color\u00a0\u00bb bg_color_value=\u00a0\u00bbrgba(206,169,57,0.1)\u00a0\u00bb css=\u00a0\u00bb.vc_custom_1605788233268{margin-bottom: 37px !important;}\u00a0\u00bb][vc_column][vc_row_inner][vc_column_inner width=\u00a0\u00bb1\/3&Prime;][vc_single_image image=\u00a0\u00bb738&Prime; img_size=\u00a0\u00bbfull\u00a0\u00bb el_class=\u00a0\u00bbtargetimage\u00a0\u00bb][\/vc_column_inner][vc_column_inner width=\u00a0\u00bb2\/3&Prime;][vc_column_text css=\u00a0\u00bb.vc_custom_1605696223371{margin-top: 3px !important;border-top-width: 1px !important;padding-top: 12px !important;border-top-color: #2b2e34 !important;border-top-style: solid !important;border-radius: 1px !important;}\u00a0\u00bb]<\/p>\n<h1>Objectif 17 : strat\u00e9gies et plans d&rsquo;action pour la diversit\u00e9 biologique<\/h1>\n<p>[\/vc_column_text][\/vc_column_inner][\/vc_row_inner][vc_row_inner][vc_column_inner width=\u00a0\u00bb1\/3&Prime;][\/vc_column_inner][vc_column_inner width=\u00a0\u00bb2\/3&Prime;][vc_column_text css=\u00a0\u00bb.vc_custom_1613752568763{margin-top: 3px !important;border-top-width: 1px !important;padding-top: 18px !important;border-top-color: #2b2e34 !important;border-top-style: solid !important;border-radius: 1px !important;}\u00a0\u00bb]<\/p>\n<h3>D\u2019ici \u00e0 2015, toutes les Parties ont \u00e9labor\u00e9 et adopt\u00e9 en tant qu\u2019instrument de politique g\u00e9n\u00e9rale, et commenc\u00e9 \u00e0 mettre en \u0153uvre une strat\u00e9gie et un plan d\u2019action nationaux efficaces, participatifs et actualis\u00e9s pour la diversit\u00e9 biologique.<\/h3>\n<p>[\/vc_column_text][\/vc_column_inner][\/vc_row_inner][\/vc_column][\/vc_row][vc_row css=\u00a0\u00bb.vc_custom_1605627452898{margin-bottom: 24px !important;}\u00a0\u00bb][vc_column width=\u00a0\u00bb1\/6&Prime; offset=\u00a0\u00bbvc_hidden-sm vc_hidden-xs\u00a0\u00bb][\/vc_column][vc_column width=\u00a0\u00bb2\/3&Prime; offset=\u00a0\u00bbvc_col-md-offset-0 vc_col-sm-offset-2&Prime;][vc_column_text css=\u00a0\u00bb.vc_custom_1613752596596{border-top-width: 1px !important;padding-top: 24px !important;border-top-color: #2b2e34 !important;border-top-style: solid !important;border-radius: 1px !important;}\u00a0\u00bb]<\/p>\n<h4><strong>Messages principaux<\/strong><\/h4>\n<p>[\/vc_column_text][vc_column_text]<\/p>\n<ul>\n<li>Le r\u00f4le et les contributions des peuples autochtones et des communaut\u00e9s locales \u00e0 la conservation de la diversit\u00e9 biologique et \u00e0 la sant\u00e9 des \u00e9cosyst\u00e8mes sont mal reconnus dans la plupart des strat\u00e9gies et plans d&rsquo;action nationaux pour la biodiversit\u00e9 (SPANB) et dans les objectifs nationaux, les Parties ayant ainsi manqu\u00e9 une occasion unique.<\/li>\n<li>Des m\u00e9canismes institutionnels et financiers appropri\u00e9s pour la promotion de la participation pleine et effective des peuples autochtones et des communaut\u00e9s locales \u00e0 l&rsquo;\u00e9laboration, \u00e0 la mise en \u0153uvre et \u00e0 la surveillance des strat\u00e9gies et plans d&rsquo;action pour la biodiversit\u00e9, tant communautaires que nationaux, sont essentiels pour garantir des progr\u00e8s efficaces apr\u00e8s 2020, aux \u00e9chelons national, r\u00e9gional et mondial.<\/li>\n<\/ul>\n<p>[\/vc_column_text][vc_column_text css=\u00a0\u00bb.vc_custom_1613752720675{border-top-width: 1px !important;padding-top: 24px !important;border-top-color: #2b2e34 !important;border-top-style: solid !important;border-radius: 1px !important;}\u00a0\u00bb]<\/p>\n<h4><strong>Signification de l&rsquo;objectif 17 pour les peuples autochtones et les communaut\u00e9s locales<\/strong><\/h4>\n<p>[\/vc_column_text][vc_column_text]L&rsquo;objectif 17 est important pour les peuples autochtones et communaut\u00e9s locales parce que leur participation pleine et effective \u00e0 l&rsquo;\u00e9laboration et \u00e0 la mise en \u0153uvre des SPANB et aux activit\u00e9s nationales de compte rendu garantira qu&rsquo;ils puissent participer pleinement \u00e0 la prise de d\u00e9cisions relatives \u00e0 la diversit\u00e9 biologique. Cela deviendra encore plus important apr\u00e8s 2020, parce que les SPANB devront \u00eatre conformes aux Objectifs de d\u00e9veloppement durable des Nations Unies (ODD) et \u00e0 l&rsquo;Accord de Paris sur les changements climatiques.<\/p>\n<p>La cinqui\u00e8me \u00e9dition des Perspectives mondiales de la diversit\u00e9 biologique (GBO-5) conclut que : \u00ab Depuis 2010, 97 % des Parties ont \u00e0 ce jour pr\u00e9sent\u00e9 au moins un SPANB, et 155 ont tenu compte du Plan strat\u00e9gique pour la diversit\u00e9 biologique (2011-2020). La plupart des objectifs nationaux inclus dans les SPANB s&rsquo;alignent sur les Objectifs d&rsquo;Aichi pour la diversit\u00e9 biologique, mais le niveau d&rsquo;ambition est variable, et l&rsquo;ambition collective des objectifs nationaux ne correspond pas aux ambitions mondiales du Plan strat\u00e9gique. \u00bb<span id='easy-footnote-1-2226' class='easy-footnote-margin-adjust'><\/span><span class='easy-footnote'><a href='https:\/\/lbo2.localbiodiversityoutlooks.net\/fr\/objectif-17-strategies-et-plans-daction-pour-la-diversite-biologique\/#easy-footnote-bottom-1-2226' title='Convention sur la diversit\u00e9 biologique (2020) &lt;em&gt;Perspectives mondiales de la diversit\u00e9 biologique 5&lt;\/em&gt;. Montr\u00e9al : Convention sur la diversit\u00e9 biologique.'><sup>1<\/sup><\/a><\/span><\/p>\n<p>Sur la base d&rsquo;un examen des SPANB pr\u00e9sent\u00e9s \u00e0 ce jour, le Secr\u00e9tariat de la CDB conclut que : \u00ab Le Plan strat\u00e9gique pour la diversit\u00e9 biologique a renforc\u00e9 l&rsquo;importance des SPANB pour la planification nationale de la biodiversit\u00e9, en s&rsquo;appuyant sur les orientations adopt\u00e9es plus t\u00f4t, et en soulignant que les SPANB devraient \u00eatre adopt\u00e9s en tant qu&rsquo;instruments de politique \u00e0 l&rsquo;\u00e9chelle de l&rsquo;ensemble du gouvernement. Cependant, peu de pays l&rsquo;ont fait, sapant leur efficacit\u00e9 \u00e0 s&rsquo;attaquer \u00e0 d&rsquo;autres secteurs et affaiblissant le niveau de mise en \u0153uvre des SPANB. \u00bb<span id='easy-footnote-2-2226' class='easy-footnote-margin-adjust'><\/span><span class='easy-footnote'><a href='https:\/\/lbo2.localbiodiversityoutlooks.net\/fr\/objectif-17-strategies-et-plans-daction-pour-la-diversite-biologique\/#easy-footnote-bottom-2-2226' title='Convention on Biological Diversity (2019) &lt;em&gt;Other information on the evidence base for the post-2020 global biodiversity framework; Addendum informing the scientific and technical evidence base for the post-2020 global biodiversity framework,&lt;\/em&gt; CBD\/SBSTTA\/23\/2\/Add.2 p.8 (14 October 2019). Disponible sur : &lt;a href=&quot;https:\/\/www.cbd.int\/meetings\/SBSTTA-23&quot;&gt;https:\/\/www.cbd.int\/meetings\/SBSTTA-23&lt;\/a&gt;'><sup>2<\/sup><\/a><\/span>[\/vc_column_text][\/vc_column][vc_column width=\u00a0\u00bb1\/6&Prime; offset=\u00a0\u00bbvc_hidden-sm vc_hidden-xs\u00a0\u00bb][\/vc_column][\/vc_row][vc_row css=\u00a0\u00bb.vc_custom_1605788313086{margin-bottom: 24px !important;}\u00a0\u00bb][vc_column][vc_single_image image=\u00a0\u00bb1584&Prime; img_size=\u00a0\u00bbfull\u00a0\u00bb css=\u00a0\u00bb.vc_custom_1613752951006{margin-bottom: -1px !important;border-top-width: 1px !important;border-right-width: 1px !important;border-bottom-width: 1px !important;border-left-width: 1px !important;border-left-color: #2b2e34 !important;border-left-style: solid !important;border-right-color: #2b2e34 !important;border-right-style: solid !important;border-top-color: #2b2e34 !important;border-top-style: solid !important;border-bottom-color: #2b2e34 !important;border-bottom-style: solid !important;border-radius: 1px !important;}\u00a0\u00bb][vc_row_inner css=\u00a0\u00bb.vc_custom_1603713535343{margin-bottom: 0px !important;margin-left: 0px !important;border-left-width: 1px !important;padding-bottom: 0px !important;padding-left: 12px !important;border-left-color: #2b2e34 !important;border-left-style: solid !important;border-radius: 1px !important;}\u00a0\u00bb][vc_column_inner css=\u00a0\u00bb.vc_custom_1603713477954{margin-bottom: 0px !important;padding-bottom: 0px !important;}\u00a0\u00bb][vc_single_image image=\u00a0\u00bb473&Prime; img_size=\u00a0\u00bb9&#215;9&Prime; css=\u00a0\u00bb.vc_custom_1605633398706{margin-top: 0px !important;margin-bottom: 0px !important;margin-left: -32px !important;padding-top: 0px !important;padding-bottom: 0px !important;}\u00a0\u00bb el_class=\u00a0\u00bbzeromargin\u00a0\u00bb][\/vc_column_inner][\/vc_row_inner][vc_row_inner][vc_column_inner css=\u00a0\u00bb.vc_custom_1603725966103{margin-top: -50px !important;margin-left: 24px !important;padding-right: 39px !important;}\u00a0\u00bb][vc_column_text]<\/p>\n<h6>Atelier communautaire sur les ressources naturelles \u00e0 Salapoumbe, Mambele, au Cameroun. Photo : Viola Belohrad.<\/h6>\n<p>[\/vc_column_text][\/vc_column_inner][\/vc_row_inner][\/vc_column][\/vc_row][vc_row css=\u00a0\u00bb.vc_custom_1605627452898{margin-bottom: 24px !important;}\u00a0\u00bb][vc_column width=\u00a0\u00bb1\/6&Prime; offset=\u00a0\u00bbvc_hidden-sm vc_hidden-xs\u00a0\u00bb][\/vc_column][vc_column width=\u00a0\u00bb2\/3&Prime; offset=\u00a0\u00bbvc_col-md-offset-0 vc_col-sm-offset-2&Prime;][vc_column_text]Outre le manque d&rsquo;ambition et l&rsquo;absence d&rsquo;adoption de SPANB en tant qu&rsquo;instruments de politique \u00e0 l&rsquo;\u00e9chelle de l&rsquo;ensemble du gouvernement, la reconnaissance des r\u00f4les et des contributions des peuples autochtones et des communaut\u00e9s locales est mal comprise. Le r\u00e9sum\u00e9 \u00e0 l&rsquo;intention des d\u00e9cideurs des Perspectives mondiales de la diversit\u00e9 biologique 5 conclut que malgr\u00e9 l&rsquo;importance des peuples autochtones et des communaut\u00e9s locales en tant que gardiens de vastes \u00e9tendues de terres, de l&rsquo;eau douce et des ressources marines dans toutes les r\u00e9gions, leur r\u00f4le est mal reconnu dans la majorit\u00e9 des SPANB et des objectifs nationaux, sauf quelques exceptions notables.<span id='easy-footnote-3-2226' class='easy-footnote-margin-adjust'><\/span><span class='easy-footnote'><a href='https:\/\/lbo2.localbiodiversityoutlooks.net\/fr\/objectif-17-strategies-et-plans-daction-pour-la-diversite-biologique\/#easy-footnote-bottom-3-2226' title='Convention sur la diversit\u00e9 biologique (2020) &lt;em&gt;Perspectives mondiales de la diversit\u00e9 biologique 5&lt;\/em&gt;. Montr\u00e9al : Convention sur la diversit\u00e9 biologique.'><sup>3<\/sup><\/a><\/span> Le Secr\u00e9tariat de la CDB d\u00e9clare \u00e9galement : \u00ab L&rsquo;information permettant d&rsquo;\u00e9valuer les progr\u00e8s dans la mise en \u0153uvre est tr\u00e8s limit\u00e9e pour certains Objectifs d&rsquo;Aichi pour la biodiversit\u00e9, tels que l&rsquo;objectif 14, (services \u00e9cosyst\u00e9miques) et l&rsquo;objectif 18 (connaissances traditionnelles) \u00bb.<span id='easy-footnote-4-2226' class='easy-footnote-margin-adjust'><\/span><span class='easy-footnote'><a href='https:\/\/lbo2.localbiodiversityoutlooks.net\/fr\/objectif-17-strategies-et-plans-daction-pour-la-diversite-biologique\/#easy-footnote-bottom-4-2226' title='Convention sur la diversit\u00e9 biologique (2019) &lt;em&gt;\u00c9clairer les donn\u00e9es de base scientifiques et techniques du Cadre mondial de la biodiversit\u00e9 pour l&amp;rsquo;apr\u00e8s-2020 \u2013 Addendum&lt;\/em&gt; . Autres renseignements sur la base de preuves pour le Cadre mondial de la biodiversit\u00e9 pour l&amp;rsquo;apr\u00e8s-2020, paragraphe 16 (b), p. 8. CBD\/SBSTTA.23\/2\/Add.2. CBD\/SBSTTA.23\/2\/Add.2. Montr\u00e9al : Convention sur la diversit\u00e9 biologique.'><sup>4<\/sup><\/a><\/span> Alors que les objectifs 14 et 18 sont particuli\u00e8rement importants pour les peuples autochtones et les communaut\u00e9s locales, il est inqui\u00e9tant que les Parties n&rsquo;y aient pas accord\u00e9 suffisamment d&rsquo;attention. De mani\u00e8re plus g\u00e9n\u00e9rale, ignorer les contributions des peuples autochtones et des communaut\u00e9s locales \u00e0 tous les Objectifs d&rsquo;Aichi pour la diversit\u00e9 biologique devrait \u00eatre consid\u00e9r\u00e9 comme l&rsquo;une des grandes occasions manqu\u00e9es dans la tentative de r\u00e9alisation des objectifs de la CDB.<\/p>\n<p>Une premi\u00e8re analyse des 150 sixi\u00e8mes rapports nationaux pr\u00e9sent\u00e9s jusqu&rsquo;en mars 2020 r\u00e9v\u00e8le que 16 rapports (10,7 %) mentionnent la participation des peuples autochtones et des communaut\u00e9s locales aux processus de SPANB et 89 rapports (59,3 %) mentionnent la participation des peuples autochtones et des communaut\u00e9s locales aux questions relatives \u00e0 la diversit\u00e9 biologique de mani\u00e8re g\u00e9n\u00e9rale.<span id='easy-footnote-5-2226' class='easy-footnote-margin-adjust'><\/span><span class='easy-footnote'><a href='https:\/\/lbo2.localbiodiversityoutlooks.net\/fr\/objectif-17-strategies-et-plans-daction-pour-la-diversite-biologique\/#easy-footnote-bottom-5-2226' title='Convention sur la diversit\u00e9 biologique (2020) &lt;em&gt;Progr\u00e8s accomplis dans la r\u00e9alisation de l&amp;rsquo;objectif 18 d&amp;rsquo;Aichi pour la biodiversit\u00e9 sur les connaissances traditionnelles et l&amp;rsquo;utilisation coutumi\u00e8re durable de la biodiversit\u00e9.&lt;\/em&gt;CBD\/SBI\/3\/2\/Add.4. Montr\u00e9al : Convention sur la diversit\u00e9 biologique.'><sup>5<\/sup><\/a><\/span> Bien que l&rsquo;on constate certaines am\u00e9liorations dans le nombre de rapports nationaux qui mentionnent les peuples autochtones et les communaut\u00e9s locales depuis la publication des LBO-1 en 2016, aucun progr\u00e8s n&rsquo;a \u00e9t\u00e9 identifi\u00e9 au niveau de la participation des peuples autochtones et des communaut\u00e9s locales aux processus de SPANB. Les GBO-5 indiquent que seules 40 Parties ont fait \u00e9tat d&rsquo;une participation des peuples autochtones et des communaut\u00e9s locales \u00e0 la r\u00e9vision des SPANB .<span id='easy-footnote-6-2226' class='easy-footnote-margin-adjust'><\/span><span class='easy-footnote'><a href='https:\/\/lbo2.localbiodiversityoutlooks.net\/fr\/objectif-17-strategies-et-plans-daction-pour-la-diversite-biologique\/#easy-footnote-bottom-6-2226' title='Convention sur la diversit\u00e9 biologique (2020) &lt;em&gt;Perspectives mondiales de la diversit\u00e9 biologique 5&lt;\/em&gt;. Montr\u00e9al : Convention sur la diversit\u00e9 biologique.'><sup>6<\/sup><\/a><\/span> Beaucoup reste encore \u00e0 faire pour rendre les SPANB v\u00e9ritablement participatifs.<\/p>\n<p>Le genre est un aspect important dont il faut tenir compte dans les SPANB. Des analyses ont montr\u00e9 que seuls 76 SPANB (moins de la moiti\u00e9) font r\u00e9f\u00e9rence au genre et aux femmes<span id='easy-footnote-7-2226' class='easy-footnote-margin-adjust'><\/span><span class='easy-footnote'><a href='https:\/\/lbo2.localbiodiversityoutlooks.net\/fr\/objectif-17-strategies-et-plans-daction-pour-la-diversite-biologique\/#easy-footnote-bottom-7-2226' title='Convention sur la diversit\u00e9 biologique (2020)&lt;em&gt;Mise \u00e0 jour concernant les progr\u00e8s r\u00e9alis\u00e9s dans la r\u00e9vision\/mise \u00e0 jour et la mise en \u0153uvre des strat\u00e9gies et plans d&amp;rsquo;action nationaux pour la biodiversit\u00e9, y compris des objectifs nationaux&lt;\/em&gt;. CBD\/SBI\/3\/2\/Add.1. Montr\u00e9al : Convention sur la diversit\u00e9 biologique.'><sup>7<\/sup><\/a><\/span>; cela constitue des occasions manqu\u00e9es d&rsquo;int\u00e9grer le genre dans les politiques en mati\u00e8re de diversit\u00e9 biologique, et probablement des occasions manqu\u00e9es en termes de programmation.<span id='easy-footnote-8-2226' class='easy-footnote-margin-adjust'><\/span><span class='easy-footnote'><a href='https:\/\/lbo2.localbiodiversityoutlooks.net\/fr\/objectif-17-strategies-et-plans-daction-pour-la-diversite-biologique\/#easy-footnote-bottom-8-2226' title='UICN (2016) &lt;em&gt;Inclusion and characterization of women and gender equality considerations in National Biodiversity Strategies and Action Plans (NBSAPs)&lt;\/em&gt;. EGI Factsheet. Gland : UICN. Disponible sur : &lt;a href=&quot;https:\/\/www.cbd.int\/gender\/doc\/gender-nbsaps-factsheet.pdf&quot;&gt;https:\/\/www.cbd.int\/gender\/doc\/gender-nbsaps-factsheet.pdf&lt;\/a&gt;&lt;br \/&gt;\n&amp;#8212;&lt;br \/&gt;\nConvention sur la diversit\u00e9 biologique (2018) &lt;em&gt;\u00c9tat d&amp;rsquo;avancement du Plan d&amp;rsquo;action 2015-2020 pour l&amp;rsquo;\u00e9galit\u00e9 entre les sexes : Note du Secr\u00e9taire ex\u00e9cutif.&lt;\/em&gt; CBD\/SBI\/2\/2\/Add.3. Montr\u00e9al : Convention sur la diversit\u00e9 biologique. Disponible sur : &lt;a href=&quot;https:\/\/www.cbd.int\/doc\/c\/fcc3\/ac3d\/eba5d8364fbe8d5950fef9bf\/sbi-02-02-add3-en.pdf&quot;&gt;https:\/\/www.cbd.int\/doc\/c\/fcc3\/ac3d\/eba5d8364fbe8d5950fef9bf\/sbi-02-02-add3-en.pdf&lt;\/a&gt;'><sup>8<\/sup><\/a><\/span> Le Plan d&rsquo;action 2015-2020 pour l&rsquo;\u00e9galit\u00e9 entre les sexes en vertu de la CDB inclut l&rsquo;int\u00e9gration du genre dans les SPANB comme un objectif pour les Parties. Cela exigera davantage d&rsquo;attention lors de la prochaine s\u00e9rie de SPANB.<a href=\"#_ednref6\" name=\"_edn6\"><\/a>[\/vc_column_text][vc_column_text]<\/p>\n<blockquote><p><em>\u00ab Mon monde est fait de nombreuses couleurs, il n&rsquo;a pas de prix ou de fronti\u00e8res, c&rsquo;est un monde simple, fait d&rsquo;\u00e9coute et de connaissances. Les femmes autochtones participent \u00e0 l&rsquo;\u00e9laboration de la Strat\u00e9gie nationale pour la diversit\u00e9 biologique parce qu&rsquo;il s&rsquo;agit d&rsquo;une occasion de retrouver la Terre nourrici\u00e8re, notre vie et les \u00e9cosyst\u00e8mes que nous avons utilis\u00e9s ancestralement. \u00bb<\/em><\/p><\/blockquote>\n<h6>\u2014 Mme Doris R\u00edos R\u00edos, dirigeante cab\u00e9car du territoire de China Kich\u00e1, Costa Rica<\/h6>\n<p>[\/vc_column_text][\/vc_column][vc_column width=\u00a0\u00bb1\/6&Prime; offset=\u00a0\u00bbvc_hidden-sm vc_hidden-xs\u00a0\u00bb][\/vc_column][\/vc_row][vc_row css=\u00a0\u00bb.vc_custom_1605627452898{margin-bottom: 24px !important;}\u00a0\u00bb][vc_column width=\u00a0\u00bb1\/6&Prime; offset=\u00a0\u00bbvc_hidden-sm vc_hidden-xs\u00a0\u00bb][\/vc_column][vc_column width=\u00a0\u00bb2\/3&Prime; offset=\u00a0\u00bbvc_col-md-offset-0 vc_col-sm-offset-2&Prime;][vc_column_text css=\u00a0\u00bb.vc_custom_1613753271451{border-top-width: 1px !important;padding-top: 24px !important;border-top-color: #2b2e34 !important;border-top-style: solid !important;border-radius: 1px !important;}\u00a0\u00bb]<\/p>\n<h4><strong>Contributions et exp\u00e9riences des peuples autochtones et des communaut\u00e9s locales relatives \u00e0 l&rsquo;objectif 17<\/strong><\/h4>\n<p>[\/vc_column_text][vc_column_text]Les peuples autochtones et les communaut\u00e9s locales d\u00e9veloppent leurs contributions \u00e0 la r\u00e9alisation de cet objectif de nombreuses mani\u00e8res, mais en particulier en pr\u00f4nant de meilleurs m\u00e9canismes participatifs pour l&rsquo;\u00e9laboration et la mise en \u0153uvre des SPANB, et pour les rapports nationaux, en participant aux SPANB lorsque cela est possible, et en \u00e9laborant et mettant en \u0153uvre leurs plans locaux pour la diversit\u00e9 biologique.<\/p>\n<h5>Promotion de l&rsquo;am\u00e9lioration des m\u00e9canismes participatifs et participation \u00e0 ces m\u00e9canismes<\/h5>\n<p>[\/vc_column_text][\/vc_column][vc_column width=\u00a0\u00bb1\/6&Prime; offset=\u00a0\u00bbvc_hidden-sm vc_hidden-xs\u00a0\u00bb][\/vc_column][\/vc_row][vc_row css=\u00a0\u00bb.vc_custom_1605788270785{margin-bottom: 72px !important;}\u00a0\u00bb][vc_column width=\u00a0\u00bb1\/6&Prime; offset=\u00a0\u00bbvc_hidden-sm vc_hidden-xs\u00a0\u00bb][\/vc_column][vc_column width=\u00a0\u00bb2\/3&Prime; offset=\u00a0\u00bbvc_col-md-offset-0 vc_col-sm-offset-2&Prime;][vc_row_inner css=\u00a0\u00bb.vc_custom_1603729083665{margin-left: 0px !important;padding-left: 13px !important;}\u00a0\u00bb][vc_column_inner css=\u00a0\u00bb.vc_custom_1603729091046{margin-bottom: 0px !important;padding-bottom: 0px !important;}\u00a0\u00bb][vc_single_image image=\u00a0\u00bb473&Prime; img_size=\u00a0\u00bb9&#215;9&Prime; css=\u00a0\u00bb.vc_custom_1605633427338{margin-top: 0px !important;margin-bottom: 0px !important;margin-left: -32px !important;padding-top: 0px !important;padding-bottom: 0px !important;}\u00a0\u00bb el_class=\u00a0\u00bbzeromargin\u00a0\u00bb][\/vc_column_inner][\/vc_row_inner][vc_row_inner css=\u00a0\u00bb.vc_custom_1603729454064{margin-left: 0px !important;border-left-width: 1px !important;padding-left: 8px !important;border-left-color: #2b2e34 !important;border-left-style: solid !important;border-radius: 1px !important;}\u00a0\u00bb][vc_column_inner css=\u00a0\u00bb.vc_custom_1603729560528{margin-top: -53px !important;margin-left: 0px !important;padding-right: 17px !important;}\u00a0\u00bb][vc_column_text css=\u00a0\u00bb.vc_custom_1613753387940{margin-bottom: 24px !important;}\u00a0\u00bb]<\/p>\n<h4>Encadr\u00e9 40 : Donald Rojas Maroto, peuple autochtone Brunca et Pr\u00e9sident du Bureau national autochtone, Costa Rica<\/h4>\n<h6>Un dirigeant t\u00e9rraba lors d&rsquo;un atelier SPANB au Costa Rica. Photo : Alejandra Loria.<\/h6>\n<p>[\/vc_column_text][\/vc_column_inner][\/vc_row_inner][vc_single_image image=\u00a0\u00bb1590&Prime; img_size=\u00a0\u00bbfull\u00a0\u00bb css=\u00a0\u00bb.vc_custom_1613754007868{margin-bottom: -1px !important;border-top-width: 1px !important;border-right-width: 1px !important;border-bottom-width: 1px !important;border-left-width: 1px !important;border-left-color: #2b2e34 !important;border-left-style: solid !important;border-right-color: #2b2e34 !important;border-right-style: solid !important;border-top-color: #2b2e34 !important;border-top-style: solid !important;border-bottom-color: #2b2e34 !important;border-bottom-style: solid !important;border-radius: 1px !important;}\u00a0\u00bb][vc_row_inner css=\u00a0\u00bb.vc_custom_1605633269831{margin-right: 0px !important;margin-left: 0px !important;border-top-width: 1px !important;border-right-width: 1px !important;border-bottom-width: 1px !important;border-left-width: 1px !important;padding-top: 0px !important;padding-right: 9px !important;padding-bottom: 0px !important;padding-left: 9px !important;background-color: rgba(206,169,57,0.1) !important;*background-color: rgb(206,169,57) !important;border-left-color: #2b2e34 !important;border-left-style: solid !important;border-right-color: #2b2e34 !important;border-right-style: solid !important;border-top-color: #2b2e34 !important;border-top-style: solid !important;border-bottom-color: #2b2e34 !important;border-bottom-style: solid !important;border-radius: 1px !important;}\u00a0\u00bb][vc_column_inner css=\u00a0\u00bb.vc_custom_1603729933783{padding-top: 30px !important;}\u00a0\u00bb][vc_column_text]<\/p>\n<h4><strong>\u00c9tude de cas : les peuples autochtones participent aux processus de SPANB au Costa Rica<\/strong><\/h4>\n<p>En septembre 2015, le Costa Rica a rendu officielle sa Politique nationale pour la diversit\u00e9 biologique 2015\u20132030 par le D\u00e9cret ex\u00e9cutif n\u00b0 39118-MINAE. Il \u00e9tablissait un parcours national vers l&rsquo;am\u00e9lioration de la conservation et de l&rsquo;utilisation durable de la diversit\u00e9 biologique, ainsi qu&rsquo;un partage juste et \u00e9quitable des avantages d\u00e9coulant de l&rsquo;utilisation des ressources. En 2016, le Costa Rica a par ailleurs approuv\u00e9 sa deuxi\u00e8me strat\u00e9gie nationale pour la diversit\u00e9 biologique, qui couvre la p\u00e9riode 2016\u20132025. Cette strat\u00e9gie est relative \u00e0 la loi n\u00b0 7788 sur la diversit\u00e9 biologique de 1998 du Costa Rica. Le droit comprend les trois objectifs de la CDB et inclut explicitement la participation autochtone.<\/p>\n<h6><a href=\"https:\/\/localbiodiversityoutlooks.net\/case-studies\/indigenous-peoples-participate-in-nbsap-processes-in-costa-rica\/\" target=\"_blank\" rel=\"noopener noreferrer\">\u2014 Lire l&rsquo;\u00e9tude de cas compl\u00e8te<\/a><\/h6>\n<p>[\/vc_column_text][\/vc_column_inner][\/vc_row_inner][\/vc_column][vc_column width=\u00a0\u00bb1\/6&Prime; offset=\u00a0\u00bbvc_hidden-sm vc_hidden-xs\u00a0\u00bb][\/vc_column][\/vc_row][vc_row css=\u00a0\u00bb.vc_custom_1605627452898{margin-bottom: 24px !important;}\u00a0\u00bb][vc_column width=\u00a0\u00bb1\/6&Prime; offset=\u00a0\u00bbvc_hidden-sm vc_hidden-xs\u00a0\u00bb][\/vc_column][vc_column width=\u00a0\u00bb2\/3&Prime; offset=\u00a0\u00bbvc_col-md-offset-0 vc_col-sm-offset-2&Prime;][vc_column_text]Le Gouvernement d&rsquo;Antigua-et-Barbuda a adopt\u00e9 des mesures positives pour am\u00e9liorer la participation des communaut\u00e9s locales au processus de SPANB. Dans son sixi\u00e8me rapport national, il d\u00e9clarait :<\/p>\n<p>\u00ab Des groupes locaux ont \u00e9t\u00e9 form\u00e9s lors d&rsquo;ateliers organis\u00e9s par des entit\u00e9s internationales, comme l&rsquo;Atelier r\u00e9gional de renforcement des capacit\u00e9s pour la r\u00e9gion des Cara\u00efbes sur les savoirs traditionnels et l&rsquo;utilisation coutumi\u00e8re durable au titre de la Convention sur la diversit\u00e9 biologique en 2015. Ils ont \u00e9galement organis\u00e9 leurs propres ateliers pour diff\u00e9rentes communaut\u00e9s avec la cr\u00e9ation de 15 groupes communautaires travaillant \u00e0 leurs propres projets, avec le soutien du Programme de micro financements du PMF\/FEM [Fonds pour l&rsquo;environnement mondial][Global Environment Facility\u2019s Small Grants Programme], ainsi qu&rsquo;\u00e0 des projets nationaux avec une adh\u00e9sion locale pour promouvoir des activit\u00e9s durables. Par ailleurs, les SPANB r\u00e9vis\u00e9s sont soumis \u00e0 des processus d&rsquo;examen par les parties prenantes. \u00bb<span id='easy-footnote-9-2226' class='easy-footnote-margin-adjust'><\/span><span class='easy-footnote'><a href='https:\/\/lbo2.localbiodiversityoutlooks.net\/fr\/objectif-17-strategies-et-plans-daction-pour-la-diversite-biologique\/#easy-footnote-bottom-9-2226' title='Centre d&amp;rsquo;\u00e9change de la Convention sur la diversit\u00e9 biologique (2019) &lt;em&gt;Sixth National Report: Antigua and Barbuda.&lt;\/em&gt; Montr\u00e9al : Convention sur la diversit\u00e9 biologique. Disponible sur : &lt;a href=&quot;https:\/\/chm.cbd.int\/database\/record?documentID=241364&quot;&gt;https:\/\/chm.cbd.int\/database\/record?documentID=241364&lt;\/a&gt;'><sup>9<\/sup><\/a><\/span>[\/vc_column_text][\/vc_column][vc_column width=\u00a0\u00bb1\/6&Prime; offset=\u00a0\u00bbvc_hidden-sm vc_hidden-xs\u00a0\u00bb][\/vc_column][\/vc_row][vc_row css=\u00a0\u00bb.vc_custom_1605788313086{margin-bottom: 24px !important;}\u00a0\u00bb][vc_column][vc_single_image image=\u00a0\u00bb1617&Prime; img_size=\u00a0\u00bbfull\u00a0\u00bb css=\u00a0\u00bb.vc_custom_1613754112363{margin-bottom: -1px !important;border-top-width: 1px !important;border-right-width: 1px !important;border-bottom-width: 1px !important;border-left-width: 1px !important;border-left-color: #2b2e34 !important;border-left-style: solid !important;border-right-color: #2b2e34 !important;border-right-style: solid !important;border-top-color: #2b2e34 !important;border-top-style: solid !important;border-bottom-color: #2b2e34 !important;border-bottom-style: solid !important;border-radius: 1px !important;}\u00a0\u00bb][vc_row_inner css=\u00a0\u00bb.vc_custom_1603713535343{margin-bottom: 0px !important;margin-left: 0px !important;border-left-width: 1px !important;padding-bottom: 0px !important;padding-left: 12px !important;border-left-color: #2b2e34 !important;border-left-style: solid !important;border-radius: 1px !important;}\u00a0\u00bb][vc_column_inner css=\u00a0\u00bb.vc_custom_1603713477954{margin-bottom: 0px !important;padding-bottom: 0px !important;}\u00a0\u00bb][vc_single_image image=\u00a0\u00bb473&Prime; img_size=\u00a0\u00bb9&#215;9&Prime; css=\u00a0\u00bb.vc_custom_1605633398706{margin-top: 0px !important;margin-bottom: 0px !important;margin-left: -32px !important;padding-top: 0px !important;padding-bottom: 0px !important;}\u00a0\u00bb el_class=\u00a0\u00bbzeromargin\u00a0\u00bb][\/vc_column_inner][\/vc_row_inner][vc_row_inner][vc_column_inner css=\u00a0\u00bb.vc_custom_1603725966103{margin-top: -50px !important;margin-left: 24px !important;padding-right: 39px !important;}\u00a0\u00bb][vc_column_text]<\/p>\n<h6>Flottille de la Journ\u00e9e autochtone, dans le cadre des manifestations mondiales contre les combustibles fossiles. Photo : John Duffy.<\/h6>\n<p>[\/vc_column_text][\/vc_column_inner][\/vc_row_inner][\/vc_column][\/vc_row][vc_row css=\u00a0\u00bb.vc_custom_1605627452898{margin-bottom: 24px !important;}\u00a0\u00bb][vc_column width=\u00a0\u00bb1\/6&Prime; offset=\u00a0\u00bbvc_hidden-sm vc_hidden-xs\u00a0\u00bb][\/vc_column][vc_column width=\u00a0\u00bb2\/3&Prime; offset=\u00a0\u00bbvc_col-md-offset-0 vc_col-sm-offset-2&Prime;][vc_column_text]<\/p>\n<blockquote><p><em>\u00ab Notre contribution \u00e0 un dialogue national a men\u00e9 \u00e0 notre inclusion dans le 6e rapport national de Antigua-et-Barbuda et nous a donn\u00e9 la possibilit\u00e9 de partager des informations et des savoirs. Cela nous a permis d&rsquo;apporter notre contribution et de transmettre nos exp\u00e9riences en tant qu&rsquo;organisation travaillant sur le terrain pour mener \u00e0 des changements environnementaux \u00e0 travers une collaboration avec des membres de diff\u00e9rentes communaut\u00e9s, notamment des r\u00e9cup\u00e9rateurs de d\u00e9chets, dont beaucoup sont des femmes fortement affect\u00e9es par leur contact quotidien avec des produits chimiques toxiques et dangereux. Nous comprenons maintenant la valeur de la collecte des donn\u00e9es, du suivi et de l&rsquo;\u00e9valuation, et nous travaillerons \u00e0 la mise en \u0153uvre des objectifs de la CDB et de la Vision d&rsquo;une vie en harmonie avec la nature, et \u00e0 leur respect. \u00bb<\/em><\/p><\/blockquote>\n<h6>\u2014 Hasani Williamson, Wills Recycling, Antigua-et-Barbuda<\/h6>\n<p>[\/vc_column_text][\/vc_column][vc_column width=\u00a0\u00bb1\/6&Prime; offset=\u00a0\u00bbvc_hidden-sm vc_hidden-xs\u00a0\u00bb][\/vc_column][\/vc_row][vc_row css=\u00a0\u00bb.vc_custom_1605627452898{margin-bottom: 24px !important;}\u00a0\u00bb][vc_column width=\u00a0\u00bb1\/6&Prime; offset=\u00a0\u00bbvc_hidden-sm vc_hidden-xs\u00a0\u00bb][\/vc_column][vc_column width=\u00a0\u00bb2\/3&Prime; offset=\u00a0\u00bbvc_col-md-offset-0 vc_col-sm-offset-2&Prime;][vc_column_text]<\/p>\n<h5>Plans locaux pour la diversit\u00e9 biologique<\/h5>\n<p>En plus de leur participation \u00e0 l&rsquo;\u00e9laboration et \u00e0 la mise en \u0153uvre des SPANB, les peuples autochtones et les communaut\u00e9s locales jouent \u00e9galement un r\u00f4le majeur dans la production et la mise en \u0153uvre de leurs propres plans locaux pour la diversit\u00e9 biologique, adapt\u00e9s aux cultures et circonstances locales. Ces plans peuvent inclure diff\u00e9rents processus tels que des plans de vie (<em>planes de vida<\/em>), des plans de gestion territoriale, des plans concernant les ressources naturelles communautaires, et sont fortement susceptibles de contribuer \u00e0 la mise en \u0153uvre des SPANB, bien qu&rsquo;ils ne soient pas encore pleinement pris en compte dans les rapports nationaux.<\/p>\n<p>Les SPANB, comme d&rsquo;autres politiques environnementales et de d\u00e9veloppement durable, ont un fort potentiel de mobilisation pour une action collective des peuples autochtones et des communaut\u00e9s locales et de la soci\u00e9t\u00e9 en g\u00e9n\u00e9ral, pour des transformations menant \u00e0 la durabilit\u00e9. Ce potentiel n&rsquo;a cependant pas encore \u00e9t\u00e9 exploit\u00e9. En r\u00e9alit\u00e9, dans la plupart des pays, les contributions des peuples autochtones et des communaut\u00e9s locales restent invisibles dans les politiques publiques, en partie \u00e0 cause du manque de donn\u00e9es, statistiques, informations et m\u00e9thodes ad\u00e9quates, pour g\u00e9n\u00e9rer des donn\u00e9es et des indicateurs aux niveaux national et local.<\/p>\n<p>Un chemin privil\u00e9gi\u00e9 pour rem\u00e9dier \u00e0 cette situation et exploiter le potentiel d&rsquo;une action collective est la consultation et la participation des peuples autochtones et des communaut\u00e9s locales, en particulier des femmes, concernant toutes les questions faisant l&rsquo;objet de recherches, les d\u00e9bats politiques, la conception de cadres juridiques, et la prise de d\u00e9cisions sur le d\u00e9veloppement durable, la diversit\u00e9 biologique et l&rsquo;action climatique. Alors que la communaut\u00e9 internationale s&rsquo;oriente vers la r\u00e9alisation des objectifs en mati\u00e8re de diversit\u00e9 biologique, des ODD et de l&rsquo;Accord de Paris sur les changements climatiques, on ne soulignera jamais assez l&rsquo;urgence de garantir que les peuples autochtones et les communaut\u00e9s locales ne soient pas laiss\u00e9s-pour-compte et de s&rsquo;assurer qu&rsquo;ils disposent des moyens n\u00e9cessaires, en tant que partenaires, pour affronter les d\u00e9fis d&rsquo;envergure mondiale.<span id='easy-footnote-10-2226' class='easy-footnote-margin-adjust'><\/span><span class='easy-footnote'><a href='https:\/\/lbo2.localbiodiversityoutlooks.net\/fr\/objectif-17-strategies-et-plans-daction-pour-la-diversite-biologique\/#easy-footnote-bottom-10-2226' title='Dhir, R. K., Cattaneo, U., Ormaza, M. V. C., Coronado, H., Oelz, M. (2020) &lt;em&gt;Application de la Convention n\u00b0 169 relative aux peuples indig\u00e8nes et tribaux : pour un avenir inclusif, durable et juste&lt;\/em&gt;. Gen\u00e8ve : Organisation internationale du travail. Disponible sur : &lt;a href=&quot;https:\/\/www.ilo.org\/global\/publications\/books\/WCMS_735607\/lang--en\/index.htm&quot;&gt;https:\/\/www.ilo.org\/global\/publications\/books\/WCMS_754261\/lang&amp;#8211;fr\/index.htm&lt;\/a&gt;'><sup>10<\/sup><\/a><\/span><\/p>\n<p>Quelques exp\u00e9riences positives de participation des peuples autochtones et des communaut\u00e9s locales aux SPANB \u00e9mergent, mais restent de mani\u00e8re g\u00e9n\u00e9rale trop limit\u00e9es. Il est urgent de tirer les enseignements de ces exp\u00e9riences positives et de les reproduire, en les adaptant aux circonstances nationales et locales.<\/p>\n<p>En guise de premi\u00e8re \u00e9tape, les Parties et les organisations concern\u00e9es devraient mettre en \u0153uvre les recommandations de l&rsquo;\u00e9valuation globale de l&rsquo;IPBES pour am\u00e9liorer la gouvernance environnementale et la prise de d\u00e9cisions.<span id='easy-footnote-11-2226' class='easy-footnote-margin-adjust'><\/span><span class='easy-footnote'><a href='https:\/\/lbo2.localbiodiversityoutlooks.net\/fr\/objectif-17-strategies-et-plans-daction-pour-la-diversite-biologique\/#easy-footnote-bottom-11-2226' title='IPBES (2019) &lt;em&gt;Summary for policymakers of the global assessment on biodiversity and ecosystem services of the Intergovernmental Science-Policy Platform on Biodiversity and Ecosystem Services&lt;\/em&gt;. S. D\u00edaz, J. Settele, E. S. Brond\u00edzio E.S., H. T. Ngo, M. Gu\u00e8ze, J. Agard, A. Arneth, P. Balvanera, K. A. Brauman, S. H. M. Butchart, K. M. A. Chan, L. A. Garibaldi, K. Ichii, J. Liu, S. M. Subramanian, G. F. Midgley, P. Miloslavich, Z. Moln\u00e1r, D. Obura, A. Pfaff, S. Polasky, A. Purvis, J. Razzaque, B. Reyers, R. Roy Chowdhury, Y. J. Shin, I. J. Visseren-Hamakers, K. J. Willis, et C. N. Zayas (\u00e9d.). Bonn, Allemagne : IPBES. Disponible sur : https:\/\/doi.org\/10.5281\/zenodo.3553579 '><sup>11<\/sup><\/a><\/span> Cela comprend l&rsquo;am\u00e9lioration de la localisation de la planification en \u00ab permettant des choix adapt\u00e9s \u00e0 la situation locale concernant la conservation, la restauration, l&rsquo;utilisation durable et la connectivit\u00e9 du d\u00e9veloppement qui expliquent les incertitudes dans les conditions environnementales et les sc\u00e9narios du changement climatique \u00bb. Reconna\u00eetre et soutenir des syst\u00e8mes divers actifs localement peut am\u00e9liorer radicalement les SPANB, et plus g\u00e9n\u00e9ralement la planification de la diversit\u00e9 biologique.<\/p>\n<p>Tout aussi importante est la recommandation consistant \u00e0 : \u00ab[a]m\u00e9liorer la participation et la collaboration entre les peuples autochtones et communaut\u00e9s locales, les parties prenantes concern\u00e9es, les d\u00e9cideurs politiques et les scientifiques, pour g\u00e9n\u00e9rer de nouveaux moyens de conceptualiser et r\u00e9aliser les transformations menant \u00e0 la durabilit\u00e9. \u00bb Cette nouvelle approche consistant \u00e0 g\u00e9n\u00e9rer et comprendre la transformation ram\u00e8ne aux Objectifs d&rsquo;Aichi pour la diversit\u00e9 biologique, en particulier ceux du But strat\u00e9gique A concernant la gestion des causes sous-jacentes de l&rsquo;appauvrissement de la diversit\u00e9 biologique, ainsi qu&rsquo;aux changements voulus dans le cadre de la biodiversit\u00e9 pour l&rsquo;apr\u00e8s-2020, et met en \u00e9vidence en particulier comment les peuples autochtones et les communaut\u00e9s locales contribuent \u00e0 la d\u00e9finition et \u00e0 la r\u00e9alisation d&rsquo;un avenir diff\u00e9rent.[\/vc_column_text][\/vc_column][vc_column width=\u00a0\u00bb1\/6&Prime; offset=\u00a0\u00bbvc_hidden-sm vc_hidden-xs\u00a0\u00bb][\/vc_column][\/vc_row][vc_row css=\u00a0\u00bb.vc_custom_1605788313086{margin-bottom: 24px !important;}\u00a0\u00bb][vc_column][vc_single_image image=\u00a0\u00bb1638&Prime; img_size=\u00a0\u00bbfull\u00a0\u00bb css=\u00a0\u00bb.vc_custom_1613754233969{margin-bottom: -1px !important;border-top-width: 1px !important;border-right-width: 1px !important;border-bottom-width: 1px !important;border-left-width: 1px !important;border-left-color: #2b2e34 !important;border-left-style: solid !important;border-right-color: #2b2e34 !important;border-right-style: solid !important;border-top-color: #2b2e34 !important;border-top-style: solid !important;border-bottom-color: #2b2e34 !important;border-bottom-style: solid !important;border-radius: 1px !important;}\u00a0\u00bb][vc_row_inner css=\u00a0\u00bb.vc_custom_1603713535343{margin-bottom: 0px !important;margin-left: 0px !important;border-left-width: 1px !important;padding-bottom: 0px !important;padding-left: 12px !important;border-left-color: #2b2e34 !important;border-left-style: solid !important;border-radius: 1px !important;}\u00a0\u00bb][vc_column_inner css=\u00a0\u00bb.vc_custom_1603713477954{margin-bottom: 0px !important;padding-bottom: 0px !important;}\u00a0\u00bb][vc_single_image image=\u00a0\u00bb473&Prime; img_size=\u00a0\u00bb9&#215;9&Prime; css=\u00a0\u00bb.vc_custom_1605633398706{margin-top: 0px !important;margin-bottom: 0px !important;margin-left: -32px !important;padding-top: 0px !important;padding-bottom: 0px !important;}\u00a0\u00bb el_class=\u00a0\u00bbzeromargin\u00a0\u00bb][\/vc_column_inner][\/vc_row_inner][vc_row_inner][vc_column_inner css=\u00a0\u00bb.vc_custom_1603725966103{margin-top: -50px !important;margin-left: 24px !important;padding-right: 39px !important;}\u00a0\u00bb][vc_column_text]<\/p>\n<h6>Participation \u00e0 une r\u00e9union de planification de la communaut\u00e9 \u00e0 Dioula, Mambele, au Cameroun. Photo : Viola Belohrad.<\/h6>\n<p>[\/vc_column_text][\/vc_column_inner][\/vc_row_inner][\/vc_column][\/vc_row][vc_row css=\u00a0\u00bb.vc_custom_1605627730780{margin-bottom: 24px !important;}\u00a0\u00bb][vc_column width=\u00a0\u00bb1\/6&Prime; offset=\u00a0\u00bbvc_hidden-sm vc_hidden-xs\u00a0\u00bb][\/vc_column][vc_column width=\u00a0\u00bb2\/3&Prime; offset=\u00a0\u00bbvc_col-md-offset-0 vc_col-sm-offset-2&Prime;][vc_column_text css=\u00a0\u00bb.vc_custom_1613753759931{border-top-width: 1px !important;padding-top: 24px !important;border-top-color: #2b2e34 !important;border-top-style: solid !important;border-radius: 1px !important;}\u00a0\u00bb]<\/p>\n<h4><strong>Occasions et actions recommand\u00e9es <\/strong><\/h4>\n<p>[\/vc_column_text][vc_column_text]<\/p>\n<ul>\n<li>Les peuples autochtones et les communaut\u00e9s locales devraient continuer \u00e0 \u00e9laborer et mettre en \u0153uvre leurs propres plans locaux pour la diversit\u00e9 biologique et rechercher la participation pleine et effective aux SPANB, aux rapports nationaux et aux processus connexes.<\/li>\n<li>Les gouvernements devraient \u00e9tablir des m\u00e9canismes efficaces aux niveaux national et local, notamment au moyen d&rsquo;outils culturellement appropri\u00e9s et d&rsquo;une enveloppe financi\u00e8re r\u00e9pondant aux besoins, pour la participation pleine et effective des peuples autochtones et des communaut\u00e9s locales \u00e0 tous les stades des SPANB, y compris l&rsquo;\u00e9laboration, la mise en \u0153uvre, le suivi, l&rsquo;\u00e9valuation, la r\u00e9vision et les rapports.<\/li>\n<li>Les gouvernements et les acteurs concern\u00e9s devraient reconna\u00eetre les plans locaux en vigueur et soutenir les peuples autochtones et les communaut\u00e9s locales dans l&rsquo;\u00e9laboration de plans locaux relatifs \u00e0 la diversit\u00e9 biologique, \u00e0 l&rsquo;att\u00e9nuation du changement climatique et \u00e0 l&rsquo;adaptation au changement climatique, ainsi qu&rsquo;au d\u00e9veloppement durable. Les plans locaux pour la diversit\u00e9 biologique devraient \u00eatre int\u00e9gr\u00e9s dans les SPANB, afin qu&rsquo;ils se renforcent mutuellement.<\/li>\n<li>Les gouvernements et les acteurs concern\u00e9s devraient promouvoir et soutenir les processus des SPANB et les initiatives pour la diversit\u00e9 biologique attentifs aux questions sexosp\u00e9cifiques, en faisant fond sur le Plan d&rsquo;action 2015\u20132020 pour l&rsquo;\u00e9galit\u00e9 entre les sexes en vertu de la CDB.<\/li>\n<li>Les gouvernements et les acteurs concern\u00e9s devraient promouvoir et faciliter les partenariats et la collaboration entre tous les titulaires de droits et les parties prenantes concern\u00e9s, en particulier les institutions gouvernementales, les peuples autochtones et les communaut\u00e9s locales, les femmes et les jeunes, afin de favoriser l&rsquo;appropriation des processus de SPANB et des actions \u00e0 large \u00e9chelle pour leur mise en \u0153uvre (avec une approche englobant l&rsquo;ensemble de la soci\u00e9t\u00e9 et du gouvernement), conform\u00e9ment \u00e0 la recommandation de l&rsquo;\u00e9valuation globale de l&rsquo;IPBES sur les approches inclusives \u00e0 la gouvernance.<span id='easy-footnote-12-2226' class='easy-footnote-margin-adjust'><\/span><span class='easy-footnote'><a href='https:\/\/lbo2.localbiodiversityoutlooks.net\/fr\/objectif-17-strategies-et-plans-daction-pour-la-diversite-biologique\/#easy-footnote-bottom-12-2226' title='IPBES (2019) &lt;em&gt;Summary for policymakers of the global assessment on biodiversity and ecosystem services of the Intergovernmental Science-Policy Platform on Biodiversity and Ecosystem Services&lt;\/em&gt;. S. D\u00edaz, J. Settele, E. S. Brond\u00edzio E.S., H. T. Ngo, M. Gu\u00e8ze, J. Agard, A. Arneth, P. Balvanera, K. A. Brauman, S. H. M. Butchart, K. M. A. Chan, L. A. Garibaldi, K. Ichii, J. Liu, S. M. Subramanian, G. F. Midgley, P. Miloslavich, Z. Moln\u00e1r, D. Obura, A. Pfaff, S. Polasky, A. Purvis, J. Razzaque, B. Reyers, R. Roy Chowdhury, Y. J. Shin, I. J. Visseren-Hamakers, K. J. Willis, et C. N. Zayas (\u00e9d.). Bonn, Allemagne : IPBES. Disponible sur : https:\/\/doi.org\/10.5281\/zenodo.3553579 '><sup>12<\/sup><\/a><\/span><\/li>\n<li>Les gouvernements et les acteurs concern\u00e9s devraient promouvoir la coh\u00e9rence des SPANB avec les processus nationaux et locaux concern\u00e9s, comme les strat\u00e9gies de mise en \u0153uvre des ODD, les engagements en mati\u00e8re de changement climatique, et d&rsquo;autres trait\u00e9s environnementaux.<\/li>\n<\/ul>\n<p>[\/vc_column_text][\/vc_column][vc_column width=\u00a0\u00bb1\/6&Prime; offset=\u00a0\u00bbvc_hidden-sm vc_hidden-xs\u00a0\u00bb][\/vc_column][\/vc_row][vc_row css=\u00a0\u00bb.vc_custom_1605627730780{margin-bottom: 24px !important;}\u00a0\u00bb][vc_column width=\u00a0\u00bb1\/6&Prime; offset=\u00a0\u00bbvc_hidden-sm vc_hidden-xs\u00a0\u00bb][\/vc_column][vc_column width=\u00a0\u00bb2\/3&Prime; offset=\u00a0\u00bbvc_col-md-offset-0 vc_col-sm-offset-2&Prime;][vc_column_text css=\u00a0\u00bb.vc_custom_1613753803562{border-top-width: 1px !important;padding-top: 24px !important;border-top-color: #2b2e34 !important;border-top-style: solid !important;border-radius: 1px !important;}\u00a0\u00bb]<\/p>\n<h4><strong>Ressources essentielles<\/strong><\/h4>\n<p>[\/vc_column_text][vc_column_text]<\/p>\n<ul>\n<li>Convention sur la diversit\u00e9 biologique (2020) <em>Perspectives mondiales de la diversit\u00e9 biologique 5<\/em>. Montr\u00e9al: CBD. Disponible sur : https:\/\/www.cbd.int\/gbo5\/<\/li>\n<li>Dhir, R.K., Cattaneo, U., Ormaza, M.V.C., Coronado, H. et Oelz, M. (2020) <em>Application de la Convention n\u00b0 169 relative aux peuples indig\u00e8nes et tribaux : pour un avenir inclusif, durable et juste<\/em>. Gen\u00e8ve : Organisation internationale du travail. Disponible sur : <a href=\"https:\/\/www.ilo.org\/global\/publications\/books\/WCMS_735607\/lang--en\/index.htm\">https:\/\/www.ilo.org\/global\/publications\/books\/WCMS_754261\/lang&#8211;fr\/index.htm<\/a><\/li>\n<\/ul>\n<p>[\/vc_column_text][\/vc_column][vc_column width=\u00a0\u00bb1\/6&Prime; offset=\u00a0\u00bbvc_hidden-sm vc_hidden-xs\u00a0\u00bb][\/vc_column][\/vc_row]<\/p>\n","protected":false},"excerpt":{"rendered":"<p>[vc_row full_width=\u00a0\u00bbstretch_row\u00a0\u00bb full_height=\u00a0\u00bbyes\u00a0\u00bb css_animation=\u00a0\u00bbnone\u00a0\u00bb bg_type=\u00a0\u00bbbg_color\u00a0\u00bb bg_color_value=\u00a0\u00bbrgba(206,169,57,0.1)\u00a0\u00bb css=\u00a0\u00bb.vc_custom_1605788233268{margin-bottom: 37px !important;}\u00a0\u00bb][vc_column][vc_row_inner][vc_column_inner width=\u00a0\u00bb1\/3&Prime;][vc_single_image image=\u00a0\u00bb738&Prime; img_size=\u00a0\u00bbfull\u00a0\u00bb el_class=\u00a0\u00bbtargetimage\u00a0\u00bb][\/vc_column_inner][vc_column_inner width=\u00a0\u00bb2\/3&Prime;][vc_column_text css=\u00a0\u00bb.vc_custom_1605696223371{margin-top: 3px !important;border-top-width: 1px !important;padding-top: 12px !important;border-top-color: #2b2e34 !important;border-top-style: solid !important;border-radius: 1px !important;}\u00a0\u00bb] Objectif 17 : strat\u00e9gies et plans d&rsquo;action pour la diversit\u00e9 biologique [\/vc_column_text][\/vc_column_inner][\/vc_row_inner][vc_row_inner][vc_column_inner width=\u00a0\u00bb1\/3&Prime;][\/vc_column_inner][vc_column_inner width=\u00a0\u00bb2\/3&Prime;][vc_column_text css=\u00a0\u00bb.vc_custom_1613752568763{margin-top: 3px !important;border-top-width: 1px !important;padding-top: 18px !important;border-top-color: #2b2e34 !important;border-top-style: solid !important;border-radius: 1px !important;}\u00a0\u00bb] D\u2019ici&hellip;<\/p>\n","protected":false},"author":1,"featured_media":0,"comment_status":"closed","ping_status":"open","sticky":false,"template":"","format":"standard","meta":[],"categories":[23],"tags":[],"yoast_head":"<!-- This site is optimized with the Yoast SEO plugin v15.9 - https:\/\/yoast.com\/wordpress\/plugins\/seo\/ -->\n<title>Objectif 17 : strat\u00e9gies et plans d&#039;action pour la diversit\u00e9 biologique &bull; Perspectives locales de la diversit\u00e9 biologique 2<\/title>\n<meta name=\"robots\" content=\"index, follow, max-snippet:-1, max-image-preview:large, max-video-preview:-1\" \/>\n<link rel=\"canonical\" href=\"https:\/\/lbo2.localbiodiversityoutlooks.net\/fr\/objectif-17-strategies-et-plans-daction-pour-la-diversite-biologique\/\" \/>\n<meta property=\"og:locale\" content=\"fr_FR\" \/>\n<meta property=\"og:type\" content=\"article\" \/>\n<meta property=\"og:title\" content=\"Objectif 17 : strat\u00e9gies et plans d&#039;action pour la diversit\u00e9 biologique &bull; Perspectives locales de la diversit\u00e9 biologique 2\" \/>\n<meta property=\"og:description\" content=\"[vc_row full_width=\u00a0\u00bbstretch_row\u00a0\u00bb full_height=\u00a0\u00bbyes\u00a0\u00bb css_animation=\u00a0\u00bbnone\u00a0\u00bb bg_type=\u00a0\u00bbbg_color\u00a0\u00bb bg_color_value=\u00a0\u00bbrgba(206,169,57,0.1)\u00a0\u00bb css=\u00a0\u00bb.vc_custom_1605788233268{margin-bottom: 37px !important;}\u00a0\u00bb][vc_column][vc_row_inner][vc_column_inner width=\u00a0\u00bb1\/3&Prime;][vc_single_image image=\u00a0\u00bb738&Prime; img_size=\u00a0\u00bbfull\u00a0\u00bb el_class=\u00a0\u00bbtargetimage\u00a0\u00bb][\/vc_column_inner][vc_column_inner width=\u00a0\u00bb2\/3&Prime;][vc_column_text css=\u00a0\u00bb.vc_custom_1605696223371{margin-top: 3px !important;border-top-width: 1px !important;padding-top: 12px !important;border-top-color: #2b2e34 !important;border-top-style: solid !important;border-radius: 1px !important;}\u00a0\u00bb] Objectif 17 : strat\u00e9gies et plans d&rsquo;action pour la diversit\u00e9 biologique [\/vc_column_text][\/vc_column_inner][\/vc_row_inner][vc_row_inner][vc_column_inner width=\u00a0\u00bb1\/3&Prime;][\/vc_column_inner][vc_column_inner width=\u00a0\u00bb2\/3&Prime;][vc_column_text css=\u00a0\u00bb.vc_custom_1613752568763{margin-top: 3px !important;border-top-width: 1px !important;padding-top: 18px !important;border-top-color: #2b2e34 !important;border-top-style: solid !important;border-radius: 1px !important;}\u00a0\u00bb] D\u2019ici&hellip;\" \/>\n<meta property=\"og:url\" content=\"https:\/\/lbo2.localbiodiversityoutlooks.net\/fr\/objectif-17-strategies-et-plans-daction-pour-la-diversite-biologique\/\" \/>\n<meta property=\"og:site_name\" content=\"Perspectives locales de la diversit\u00e9 biologique 2\" \/>\n<meta property=\"article:published_time\" content=\"2020-03-17T19:29:59+00:00\" \/>\n<meta property=\"article:modified_time\" content=\"2021-03-02T16:47:39+00:00\" \/>\n<meta name=\"twitter:card\" content=\"summary_large_image\" \/>\n<meta name=\"twitter:label1\" content=\"Dur\u00e9e de lecture est.\">\n\t<meta name=\"twitter:data1\" content=\"24 minutes\">\n<script type=\"application\/ld+json\" class=\"yoast-schema-graph\">{\"@context\":\"https:\/\/schema.org\",\"@graph\":[{\"@type\":\"WebSite\",\"@id\":\"https:\/\/lbo2.localbiodiversityoutlooks.net\/#website\",\"url\":\"https:\/\/lbo2.localbiodiversityoutlooks.net\/\",\"name\":\"Local Biodiversity Outlooks 2\",\"description\":\"A complement to the fifth edition of the Global Biodiversity Outlook\",\"potentialAction\":[{\"@type\":\"SearchAction\",\"target\":\"https:\/\/lbo2.localbiodiversityoutlooks.net\/?s={search_term_string}\",\"query-input\":\"required name=search_term_string\"}],\"inLanguage\":\"fr-FR\"},{\"@type\":\"WebPage\",\"@id\":\"https:\/\/lbo2.localbiodiversityoutlooks.net\/fr\/objectif-17-strategies-et-plans-daction-pour-la-diversite-biologique\/#webpage\",\"url\":\"https:\/\/lbo2.localbiodiversityoutlooks.net\/fr\/objectif-17-strategies-et-plans-daction-pour-la-diversite-biologique\/\",\"name\":\"Objectif 17 : strat\\u00e9gies et plans d'action pour la diversit\\u00e9 biologique &bull; Perspectives locales de la diversit\\u00e9 biologique 2\",\"isPartOf\":{\"@id\":\"https:\/\/lbo2.localbiodiversityoutlooks.net\/#website\"},\"datePublished\":\"2020-03-17T19:29:59+00:00\",\"dateModified\":\"2021-03-02T16:47:39+00:00\",\"author\":{\"@id\":\"https:\/\/lbo2.localbiodiversityoutlooks.net\/#\/schema\/person\/a7262f79b6fef0cf84761478272aa25e\"},\"breadcrumb\":{\"@id\":\"https:\/\/lbo2.localbiodiversityoutlooks.net\/fr\/objectif-17-strategies-et-plans-daction-pour-la-diversite-biologique\/#breadcrumb\"},\"inLanguage\":\"fr-FR\",\"potentialAction\":[{\"@type\":\"ReadAction\",\"target\":[\"https:\/\/lbo2.localbiodiversityoutlooks.net\/fr\/objectif-17-strategies-et-plans-daction-pour-la-diversite-biologique\/\"]}]},{\"@type\":\"BreadcrumbList\",\"@id\":\"https:\/\/lbo2.localbiodiversityoutlooks.net\/fr\/objectif-17-strategies-et-plans-daction-pour-la-diversite-biologique\/#breadcrumb\",\"itemListElement\":[{\"@type\":\"ListItem\",\"position\":1,\"item\":{\"@type\":\"WebPage\",\"@id\":\"https:\/\/lbo2.localbiodiversityoutlooks.net\/fr\/home\/\",\"url\":\"https:\/\/lbo2.localbiodiversityoutlooks.net\/fr\/home\/\",\"name\":\"Home\"}},{\"@type\":\"ListItem\",\"position\":2,\"item\":{\"@type\":\"WebPage\",\"@id\":\"https:\/\/lbo2.localbiodiversityoutlooks.net\/fr\/objectif-17-strategies-et-plans-daction-pour-la-diversite-biologique\/\",\"url\":\"https:\/\/lbo2.localbiodiversityoutlooks.net\/fr\/objectif-17-strategies-et-plans-daction-pour-la-diversite-biologique\/\",\"name\":\"Objectif 17 : strat\\u00e9gies et plans d&#8217;action pour la diversit\\u00e9 biologique\"}}]},{\"@type\":\"Person\",\"@id\":\"https:\/\/lbo2.localbiodiversityoutlooks.net\/#\/schema\/person\/a7262f79b6fef0cf84761478272aa25e\",\"name\":\"MinuteWorks\",\"image\":{\"@type\":\"ImageObject\",\"@id\":\"https:\/\/lbo2.localbiodiversityoutlooks.net\/#personlogo\",\"inLanguage\":\"fr-FR\",\"url\":\"https:\/\/secure.gravatar.com\/avatar\/90a3bcdc83462db8fa5c0a31693a7a11?s=96&d=mm&r=g\",\"caption\":\"MinuteWorks\"},\"sameAs\":[\"https:\/\/lbo2.localbiodiversityoutlooks.net\"]}]}<\/script>\n<!-- \/ Yoast SEO plugin. -->","_links":{"self":[{"href":"https:\/\/lbo2.localbiodiversityoutlooks.net\/fr\/wp-json\/wp\/v2\/posts\/2226"}],"collection":[{"href":"https:\/\/lbo2.localbiodiversityoutlooks.net\/fr\/wp-json\/wp\/v2\/posts"}],"about":[{"href":"https:\/\/lbo2.localbiodiversityoutlooks.net\/fr\/wp-json\/wp\/v2\/types\/post"}],"author":[{"embeddable":true,"href":"https:\/\/lbo2.localbiodiversityoutlooks.net\/fr\/wp-json\/wp\/v2\/users\/1"}],"replies":[{"embeddable":true,"href":"https:\/\/lbo2.localbiodiversityoutlooks.net\/fr\/wp-json\/wp\/v2\/comments?post=2226"}],"version-history":[{"count":7,"href":"https:\/\/lbo2.localbiodiversityoutlooks.net\/fr\/wp-json\/wp\/v2\/posts\/2226\/revisions"}],"predecessor-version":[{"id":2755,"href":"https:\/\/lbo2.localbiodiversityoutlooks.net\/fr\/wp-json\/wp\/v2\/posts\/2226\/revisions\/2755"}],"wp:attachment":[{"href":"https:\/\/lbo2.localbiodiversityoutlooks.net\/fr\/wp-json\/wp\/v2\/media?parent=2226"}],"wp:term":[{"taxonomy":"category","embeddable":true,"href":"https:\/\/lbo2.localbiodiversityoutlooks.net\/fr\/wp-json\/wp\/v2\/categories?post=2226"},{"taxonomy":"post_tag","embeddable":true,"href":"https:\/\/lbo2.localbiodiversityoutlooks.net\/fr\/wp-json\/wp\/v2\/tags?post=2226"}],"curies":[{"name":"wp","href":"https:\/\/api.w.org\/{rel}","templated":true}]}}