{"id":2264,"date":"2020-05-03T23:00:41","date_gmt":"2020-05-03T22:00:41","guid":{"rendered":"https:\/\/lbo2.localbiodiversityoutlooks.net\/transitions-foncieres-vers-une-protection-des-regimes-fonciers-coutumiers-des-peuples-autochtones-et-communautes-locales\/"},"modified":"2021-03-02T16:45:52","modified_gmt":"2021-03-02T16:45:52","slug":"transitions-foncieres-vers-une-protection-des-regimes-fonciers-coutumiers-des-peuples-autochtones-et-communautes-locales","status":"publish","type":"post","link":"https:\/\/lbo2.localbiodiversityoutlooks.net\/fr\/transitions-foncieres-vers-une-protection-des-regimes-fonciers-coutumiers-des-peuples-autochtones-et-communautes-locales\/","title":{"rendered":"Transitions fonci\u00e8res vers une protection des r\u00e9gimes fonciers coutumiers des peuples autochtones et communaut\u00e9s locales"},"content":{"rendered":"<p>[vc_row css=\u00a0\u00bb.vc_custom_1605627452898{margin-bottom: 24px !important;}\u00a0\u00bb][vc_column width=\u00a0\u00bb1\/6&Prime; offset=\u00a0\u00bbvc_hidden-sm vc_hidden-xs\u00a0\u00bb][\/vc_column][vc_column width=\u00a0\u00bb2\/3&Prime; offset=\u00a0\u00bbvc_col-md-offset-0 vc_col-sm-offset-2&Prime; css=\u00a0\u00bb.vc_custom_1605798620649{margin-top: 72px !important;}\u00a0\u00bb][vc_column_text css=\u00a0\u00bb.vc_custom_1605799022486{border-top-width: 1px !important;padding-top: 16px !important;border-top-color: #2b2e34 !important;border-top-style: solid !important;border-radius: 1px !important;}\u00a0\u00bb]<\/p>\n<h2><strong>Transitions fonci\u00e8res vers une protection des r\u00e9gimes fonciers coutumiers des peuples autochtones et communaut\u00e9s locales<\/strong><\/h2>\n<p>[\/vc_column_text][\/vc_column][vc_column width=\u00a0\u00bb1\/6&Prime; offset=\u00a0\u00bbvc_hidden-sm vc_hidden-xs\u00a0\u00bb][\/vc_column][\/vc_row][vc_row css=\u00a0\u00bb.vc_custom_1603726522867{margin-bottom: 24px !important;}\u00a0\u00bb][vc_column width=\u00a0\u00bb1\/6&Prime; offset=\u00a0\u00bbvc_hidden-sm vc_hidden-xs\u00a0\u00bb][\/vc_column][vc_column width=\u00a0\u00bb2\/3&Prime; offset=\u00a0\u00bbvc_col-md-offset-0 vc_col-sm-offset-2&Prime;][vc_column_text css=\u00a0\u00bb.vc_custom_1614088452275{border-top-width: 1px !important;padding-top: 24px !important;border-top-color: #2b2e34 !important;border-top-style: solid !important;border-radius: 1px !important;}\u00a0\u00bb]<\/p>\n<h4><strong>Vision<\/strong><\/h4>\n<p>[\/vc_column_text][vc_column_text]Les territoires de vie des peuples autochtones et des communaut\u00e9s locales, y compris leurs relations culturelles, spirituelles et coutumi\u00e8res particuli\u00e8res avec leurs terres et leurs eaux et leurs contributions intrins\u00e8ques et vitales au bien-\u00eatre humain, \u00e0 la conservation de la diversit\u00e9 biologique, \u00e0 l&rsquo;att\u00e9nuation du changement climatique et \u00e0 l\u2019adaptation au changement climatique, sont prot\u00e9g\u00e9s. Les terres, territoires et ressources collectifs des peuples autochtones et des communaut\u00e9s locales sont juridiquement reconnus et prot\u00e9g\u00e9s conform\u00e9ment au droit international ; les classifications de l&rsquo;utilisation des sols et les enregistrements des titres fonciers pour d\u00e9fendre le r\u00e9gime foncier coutumier sont r\u00e9form\u00e9s ; et la couverture mondiale de zones conserv\u00e9es, utilis\u00e9es durablement et restaur\u00e9es augmente progressivement et de mani\u00e8re significative.[\/vc_column_text][\/vc_column][vc_column width=\u00a0\u00bb1\/6&Prime; offset=\u00a0\u00bbvc_hidden-sm vc_hidden-xs\u00a0\u00bb][\/vc_column][\/vc_row][vc_row css=\u00a0\u00bb.vc_custom_1603726522867{margin-bottom: 24px !important;}\u00a0\u00bb][vc_column width=\u00a0\u00bb1\/6&Prime; offset=\u00a0\u00bbvc_hidden-sm vc_hidden-xs\u00a0\u00bb][\/vc_column][vc_column width=\u00a0\u00bb2\/3&Prime; offset=\u00a0\u00bbvc_col-md-offset-0 vc_col-sm-offset-2&Prime;][vc_column_text css=\u00a0\u00bb.vc_custom_1614088523126{border-top-width: 1px !important;padding-top: 24px !important;border-top-color: #2b2e34 !important;border-top-style: solid !important;border-radius: 1px !important;}\u00a0\u00bb]<\/p>\n<h4><strong>Raisonnement<\/strong><\/h4>\n<p>[\/vc_column_text][\/vc_column][vc_column width=\u00a0\u00bb1\/6&Prime; offset=\u00a0\u00bbvc_hidden-sm vc_hidden-xs\u00a0\u00bb][\/vc_column][\/vc_row][vc_row css=\u00a0\u00bb.vc_custom_1605627493364{margin-bottom: 72px !important;}\u00a0\u00bb][vc_column width=\u00a0\u00bb1\/6&Prime; offset=\u00a0\u00bbvc_hidden-sm vc_hidden-xs\u00a0\u00bb][\/vc_column][vc_column width=\u00a0\u00bb2\/3&Prime; offset=\u00a0\u00bbvc_col-md-offset-0 vc_col-sm-offset-2&Prime;][vc_row_inner css=\u00a0\u00bb.vc_custom_1603729083665{margin-left: 0px !important;padding-left: 13px !important;}\u00a0\u00bb][vc_column_inner css=\u00a0\u00bb.vc_custom_1603729091046{margin-bottom: 0px !important;padding-bottom: 0px !important;}\u00a0\u00bb][vc_single_image image=\u00a0\u00bb491&Prime; img_size=\u00a0\u00bb9&#215;9&Prime; css=\u00a0\u00bb.vc_custom_1605634101894{margin-top: 0px !important;margin-bottom: 0px !important;margin-left: -32px !important;padding-top: 0px !important;padding-bottom: 0px !important;}\u00a0\u00bb el_class=\u00a0\u00bbzeromargin\u00a0\u00bb][\/vc_column_inner][\/vc_row_inner][vc_row_inner css=\u00a0\u00bb.vc_custom_1603729454064{margin-left: 0px !important;border-left-width: 1px !important;padding-left: 8px !important;border-left-color: #2b2e34 !important;border-left-style: solid !important;border-radius: 1px !important;}\u00a0\u00bb][vc_column_inner css=\u00a0\u00bb.vc_custom_1603729560528{margin-top: -53px !important;margin-left: 0px !important;padding-right: 17px !important;}\u00a0\u00bb][vc_column_text css=\u00a0\u00bb.vc_custom_1614088553199{margin-bottom: 24px !important;}\u00a0\u00bb]<\/p>\n<h4>Encadr\u00e9 54 :<\/h4>\n<p>[\/vc_column_text][\/vc_column_inner][\/vc_row_inner][vc_row_inner css=\u00a0\u00bb.vc_custom_1605634201051{margin-right: 0px !important;margin-left: 0px !important;border-top-width: 1px !important;border-right-width: 1px !important;border-bottom-width: 1px !important;border-left-width: 1px !important;padding-top: 0px !important;padding-right: 9px !important;padding-bottom: 0px !important;padding-left: 9px !important;background-color: rgba(43,46,52,0.1) !important;*background-color: rgb(43,46,52) !important;border-left-color: #2b2e34 !important;border-left-style: solid !important;border-right-color: #2b2e34 !important;border-right-style: solid !important;border-top-color: #2b2e34 !important;border-top-style: solid !important;border-bottom-color: #2b2e34 !important;border-bottom-style: solid !important;border-radius: 1px !important;}\u00a0\u00bb][vc_column_inner css=\u00a0\u00bb.vc_custom_1603729933783{padding-top: 30px !important;}\u00a0\u00bb][vc_column_text]<\/p>\n<h4><strong>la D\u00e9claration de Kimberley : peuples autochtones et d\u00e9veloppement durable<\/strong><\/h4>\n<p>\u00ab En tant que peuples, nous r\u00e9affirmons nos droits \u00e0 l&rsquo;autod\u00e9termination et \u00e0 poss\u00e9der, contr\u00f4ler et g\u00e9rer nos terres et territoires ancestraux, nos eaux et nos autres ressources. Nos terres et nos territoires sont au c\u0153ur de notre existence \u2013 nous sommes la terre et la terre est nous ; nous entretenons une relation spirituelle et mat\u00e9rielle particuli\u00e8re avec nos terres et territoires, et ils sont inextricablement li\u00e9s \u00e0 notre survie et \u00e0 la conservation et au d\u00e9veloppement ult\u00e9rieur de nos syst\u00e8mes de savoirs et cultures, \u00e0 la pr\u00e9servation et \u00e0 l&rsquo;utilisation durable de la diversit\u00e9 biologique et \u00e0 la gestion des \u00e9cosyst\u00e8mes. \u00bb<span id='easy-footnote-1-2264' class='easy-footnote-margin-adjust'><\/span><span class='easy-footnote'><a href='https:\/\/lbo2.localbiodiversityoutlooks.net\/fr\/transitions-foncieres-vers-une-protection-des-regimes-fonciers-coutumiers-des-peuples-autochtones-et-communautes-locales\/#easy-footnote-bottom-1-2264' title='First Peoples Worldwide (2002) &lt;em&gt;The Kimberley Declaration&lt;\/em&gt;. Sommet international des peuples autochtones sur le d\u00e9veloppement durable, Territoire Khoi-San, Kimberley, Afrique du Sud, 20-23 ao\u00fbt 2002. Disponible sur :&lt;a href=&quot;https:\/\/www.globalpolicy.org\/component\/content\/article\/162\/27586.html&quot;&gt;https:\/\/www.globalpolicy.org\/component\/content\/article\/162\/27586.html&lt;\/a&gt;'><sup>1<\/sup><\/a><\/span>[\/vc_column_text][\/vc_column_inner][\/vc_row_inner][\/vc_column][vc_column width=\u00a0\u00bb1\/6&Prime; offset=\u00a0\u00bbvc_hidden-sm vc_hidden-xs\u00a0\u00bb][\/vc_column][\/vc_row][vc_row css=\u00a0\u00bb.vc_custom_1605627594600{margin-bottom: 24px !important;}\u00a0\u00bb][vc_column][vc_single_image image=\u00a0\u00bb1818&Prime; img_size=\u00a0\u00bbfull\u00a0\u00bb css=\u00a0\u00bb.vc_custom_1614089089595{margin-bottom: -1px !important;border-top-width: 1px !important;border-right-width: 1px !important;border-bottom-width: 1px !important;border-left-width: 1px !important;border-left-color: #2b2e34 !important;border-left-style: solid !important;border-right-color: #2b2e34 !important;border-right-style: solid !important;border-top-color: #2b2e34 !important;border-top-style: solid !important;border-bottom-color: #2b2e34 !important;border-bottom-style: solid !important;border-radius: 1px !important;}\u00a0\u00bb][vc_row_inner css=\u00a0\u00bb.vc_custom_1603713535343{margin-bottom: 0px !important;margin-left: 0px !important;border-left-width: 1px !important;padding-bottom: 0px !important;padding-left: 12px !important;border-left-color: #2b2e34 !important;border-left-style: solid !important;border-radius: 1px !important;}\u00a0\u00bb][vc_column_inner css=\u00a0\u00bb.vc_custom_1603713477954{margin-bottom: 0px !important;padding-bottom: 0px !important;}\u00a0\u00bb][vc_single_image image=\u00a0\u00bb491&Prime; img_size=\u00a0\u00bb9&#215;9&Prime; css=\u00a0\u00bb.vc_custom_1605634118048{margin-top: 0px !important;margin-bottom: 0px !important;margin-left: -32px !important;padding-top: 0px !important;padding-bottom: 0px !important;}\u00a0\u00bb el_class=\u00a0\u00bbzeromargin\u00a0\u00bb][\/vc_column_inner][\/vc_row_inner][vc_row_inner][vc_column_inner css=\u00a0\u00bb.vc_custom_1603725966103{margin-top: -50px !important;margin-left: 24px !important;padding-right: 39px !important;}\u00a0\u00bb][vc_column_text]<\/p>\n<h6>Cartographie communautaire en cours de r\u00e9alisation en Indon\u00e9sie. Photo : Agnus McInnes.<\/h6>\n<p>[\/vc_column_text][\/vc_column_inner][\/vc_row_inner][\/vc_column][\/vc_row][vc_row css=\u00a0\u00bb.vc_custom_1603726522867{margin-bottom: 24px !important;}\u00a0\u00bb][vc_column width=\u00a0\u00bb1\/6&Prime; offset=\u00a0\u00bbvc_hidden-sm vc_hidden-xs\u00a0\u00bb][\/vc_column][vc_column width=\u00a0\u00bb2\/3&Prime; offset=\u00a0\u00bbvc_col-md-offset-0 vc_col-sm-offset-2&Prime;][vc_column_text]L&rsquo;importance existentielle des terres et territoires collectifs pour la survie des peuples autochtones et la diversit\u00e9 biologique a \u00e9t\u00e9 r\u00e9affirm\u00e9e \u00e0 maintes reprises et clairement saisie dans la D\u00e9claration de Kimberley sur le d\u00e9veloppement durable, adopt\u00e9e par des peuples autochtones de toutes les r\u00e9gions du monde en 2002 (voir l\u2019encadr\u00e9 54).<\/p>\n<p>Aujourd&rsquo;hui, la pertinence de ce message pour l&rsquo;ensemble de l&rsquo;humanit\u00e9 est mieux comprise, puisque nous nous effor\u00e7ons collectivement de r\u00e9parer les d\u00e9g\u00e2ts caus\u00e9s \u00e0 toute la diversit\u00e9 de la vie, des g\u00e8nes aux esp\u00e8ces et aux \u00e9cosyst\u00e8mes, et aux peuples et cultures qui y sont associ\u00e9s. Il est d\u00e9sormais av\u00e9r\u00e9 que la plupart de la diversit\u00e9 biologique du monde se trouve sur les terres et les territoires des peuples autochtones et des communaut\u00e9s locales.<span id='easy-footnote-2-2264' class='easy-footnote-margin-adjust'><\/span><span class='easy-footnote'><a href='https:\/\/lbo2.localbiodiversityoutlooks.net\/fr\/transitions-foncieres-vers-une-protection-des-regimes-fonciers-coutumiers-des-peuples-autochtones-et-communautes-locales\/#easy-footnote-bottom-2-2264' title='IPBES (2019) &lt;em&gt;Global assessment report on biodiversity and ecosystem services of the Intergovernmental Science-Policy Platform on Biodiversity and Ecosystem Services&lt;\/em&gt;. E. S. Brondizio, J. Settele, S. D\u00edaz, et H. T. Ngo (\u00e9d.). Bonn, Allemagne : IPBES.'><sup>2<\/sup><\/a><\/span> Toutefois, seuls environ 10 % de ces terres sont juridiquement reconnus avec un r\u00e9gime foncier coutumier garanti pour les peuples autochtones et les communaut\u00e9s locales qui y vivent et qui ont nourri ces territoires de vie particuliers. Ainsi 40 % des terres du monde restent vuln\u00e9rables \u00e0 l&rsquo;accaparement et \u00e0 une utilisation non durable par des acteurs plus puissants, ce qui engendre des conflits, des violations des droits humains et des menaces accrues de reculs, de violences, et d&rsquo;accusations injustes \u00e0 l&rsquo;\u00e9gard de peuples autochtones et de communaut\u00e9s locales qui d\u00e9fendent leurs terres.<\/p>\n<p>La convergence des actions en mati\u00e8re de justice sociale, de conservation de la diversit\u00e9 biologique et de changement climatique au cours des prochaines d\u00e9cennies d\u00e9pendra des garanties octroy\u00e9es aux droits collectifs des peuples autochtones et des communaut\u00e9s sur leurs terres, territoires et ressources, et sur leurs relations r\u00e9ciproques de soin, de sant\u00e9 et de bien-\u00eatre avec le monde naturel.<\/p>\n<p>La nature d\u00e9cline g\u00e9n\u00e9ralement moins rapidement sur les terres des peuples autochtones que sur les autres terres. Dans de nombreuses r\u00e9gions du monde, les terres des peuples autochtones deviennent peu \u00e0 peu des \u00eelots de diversit\u00e9 biologique et culturelle entour\u00e9s par des zones dans lesquelles l&rsquo;environnement a continu\u00e9 de se d\u00e9t\u00e9riorer ; et dans de nombreux cas, la diversit\u00e9 biologique augmente et s&rsquo;am\u00e9liore gr\u00e2ce aux valeurs et pratiques autochtones.<span id='easy-footnote-3-2264' class='easy-footnote-margin-adjust'><\/span><span class='easy-footnote'><a href='https:\/\/lbo2.localbiodiversityoutlooks.net\/fr\/transitions-foncieres-vers-une-protection-des-regimes-fonciers-coutumiers-des-peuples-autochtones-et-communautes-locales\/#easy-footnote-bottom-3-2264' title='IPBES (2019) &lt;em&gt;Summary for policymakers of the global assessment on biodiversity and ecosystem services of the Intergovernmental Science-Policy Platform on Biodiversity and Ecosystem Services&lt;\/em&gt;. S. D\u00edaz, J. Settele, E. S. Brond\u00edzio E.S., H. T. Ngo, M. Gu\u00e8ze, J. Agard, A. Arneth, P. Balvanera, K. A. Brauman, S. H. M. Butchart, K. M. A. Chan, L. A. Garibaldi, K. Ichii, J. Liu, S. M. Subramanian, G. F. Midgley, P. Miloslavich, Z. Moln\u00e1r, D. Obura, A. Pfaff, S. Polasky, A. Purvis, J. Razzaque, B. Reyers, R. Roy Chowdhury, Y. J. Shin, I. J. Visseren-Hamakers, K. J. Willis, et C. N. Zayas (\u00e9d.). Bonn, Allemagne : IPBES. Disponible sur : https:\/\/doi.org\/10.5281\/zenodo.3553579 '><sup>3<\/sup><\/a><\/span>. Les peuples autochtones sont d\u00e9j\u00e0 en train d&rsquo; \u00ab inverser la courbe \u00bb du recul de la diversit\u00e9 biologique sur les terres qu&rsquo;ils poss\u00e8dent, g\u00e8rent ou contr\u00f4lent.<\/p>\n<p>L&rsquo;absence de reconnaissance et de garanties pour les profondes valeurs de conservation des terres, territoires, eaux et ressources des peuples autochtones et des communaut\u00e9s locales est l&rsquo;une des plus grandes occasions manqu\u00e9es de la d\u00e9cennie pass\u00e9e. Une transition concernant cet aspect de la gouvernance fonci\u00e8re pourrait comporter d&rsquo;\u00e9normes avantages pour la diversit\u00e9 biologique.[\/vc_column_text][\/vc_column][vc_column width=\u00a0\u00bb1\/6&Prime; offset=\u00a0\u00bbvc_hidden-sm vc_hidden-xs\u00a0\u00bb][\/vc_column][\/vc_row][vc_row css=\u00a0\u00bb.vc_custom_1603726522867{margin-bottom: 24px !important;}\u00a0\u00bb][vc_column width=\u00a0\u00bb1\/6&Prime; offset=\u00a0\u00bbvc_hidden-sm vc_hidden-xs\u00a0\u00bb][\/vc_column][vc_column width=\u00a0\u00bb2\/3&Prime; offset=\u00a0\u00bbvc_col-md-offset-0 vc_col-sm-offset-2&Prime;][vc_column_text css=\u00a0\u00bb.vc_custom_1614089321327{border-top-width: 1px !important;padding-top: 24px !important;border-top-color: #2b2e34 !important;border-top-style: solid !important;border-radius: 1px !important;}\u00a0\u00bb]<\/p>\n<h4><strong>Les avantages de la transition<\/strong><\/h4>\n<p>[\/vc_column_text][vc_column_text]Les peuples autochtones et les communaut\u00e9s locales apportent d\u00e9j\u00e0 de multiples avantages mat\u00e9riels, sociaux, culturels et spirituels \u00e0 leurs communaut\u00e9s et \u00e0 l&rsquo;ensemble de la soci\u00e9t\u00e9. Par exemple :<\/p>\n<ul>\n<li>Par exemple : les peuples autochtones et les communaut\u00e9s locales poss\u00e8dent ou g\u00e8rent au moins 50 % des terres du monde, qui abritent une bonne partie de la diversit\u00e9 biologique du monde, y compris environ 40 % d&rsquo;aires prot\u00e9g\u00e9es. Par ailleurs, 40 % de toutes les surfaces terrestres restantes avec une faible intervention humaine se situent partiellement sur des terres des peuples autochtones<\/li>\n<li>; ces terres abritent \u00e9galement 36 % ou plus des paysages forestiers intacts restants, et ont des taux de d\u00e9forestation plus faibles et une richesse des esp\u00e8ces plus importante que d&rsquo;autres r\u00e9gions<\/li>\n<li>; au moins 22 % de l&rsquo;ensemble du carbone dans les for\u00eats tropicales et sous-tropicales est stock\u00e9 sur les terres des peuples autochtones et des communaut\u00e9s locales.<\/li>\n<\/ul>\n<p>Des garanties concernant les syst\u00e8mes fonciers coutumiers des peuples autochtones et des communaut\u00e9s locales et leurs relations distinctes et particuli\u00e8res avec leurs terres permettront :<\/p>\n<ul>\n<li>d&rsquo;accro\u00eetre de mani\u00e8re importante la zone actuellement affect\u00e9e \u00e0 la conservation, \u00e0 l&rsquo;utilisation durable et \u00e0 la restauration, en d\u00e9multipliant ainsi les avantages existants ;<\/li>\n<li>de promouvoir une conservation juste et inclusive ;<\/li>\n<li>de contribuer \u00e0 la r\u00e9alisation des ODD et \u00e0 la mise en \u0153uvre de l&rsquo;Accord de Paris sur les changements climatiques ;<\/li>\n<li>aux peuples autochtones et aux communaut\u00e9s locales de d\u00e9fendre leurs territoires contre des activit\u00e9s externes non durables, et de pr\u00e9venir des conflits et des attaques violentes \u00e0 l&rsquo;\u00e9gard de d\u00e9fenseurs de l&rsquo;environnement et des droits humains.<\/li>\n<\/ul>\n<p>Garantir des r\u00e9gimes fonciers coutumiers constitue l&rsquo;une des transitions les plus concr\u00e8tes et les plus prometteuses sur laquelle il est possible d&rsquo;agir avec un effet imm\u00e9diat et qui peut g\u00e9n\u00e9rer de multiples avantages.[\/vc_column_text][\/vc_column][vc_column width=\u00a0\u00bb1\/6&Prime; offset=\u00a0\u00bbvc_hidden-sm vc_hidden-xs\u00a0\u00bb][\/vc_column][\/vc_row][vc_row css=\u00a0\u00bb.vc_custom_1603726522867{margin-bottom: 24px !important;}\u00a0\u00bb][vc_column width=\u00a0\u00bb1\/6&Prime; offset=\u00a0\u00bbvc_hidden-sm vc_hidden-xs\u00a0\u00bb][\/vc_column][vc_column width=\u00a0\u00bb2\/3&Prime; offset=\u00a0\u00bbvc_col-md-offset-0 vc_col-sm-offset-2&Prime;][vc_column_text css=\u00a0\u00bb.vc_custom_1614089386807{border-top-width: 1px !important;padding-top: 24px !important;border-top-color: #2b2e34 !important;border-top-style: solid !important;border-radius: 1px !important;}\u00a0\u00bb]<\/p>\n<h4><strong>Progr\u00e8s vers la transition et exemples de r\u00e9f\u00e9rence<\/strong><\/h4>\n<p>[\/vc_column_text][vc_column_text]Le droit international relatif aux droits des peuples autochtones (y compris la D\u00e9claration des Nations Unies sur les droits des peuples autochtones et la Convention n\u00b0 169 de l&rsquo;Organisation internationale du travail), les R\u00e9sultats de la Conf\u00e9rence mondiale sur les peuples autochtones, et la jurisprudence internationale et nationale sur les peuples autochtones confirment tous les droits aux terres, territoires et ressources sur la base du r\u00e9gime foncier coutumier. N\u00e9anmoins, ces droits restent mal respect\u00e9s et mis en \u0153uvre dans la plupart du monde.<\/p>\n<p>Tant les <em>les Directives volontaires pour une gouvernance responsable des r\u00e9gimes fonciers applicables aux terres, aux p\u00eaches et aux for\u00eats dans le contexte de la s\u00e9curit\u00e9 alimentaire nationale par la population<span id='easy-footnote-4-2264' class='easy-footnote-margin-adjust'><\/span><span class='easy-footnote'><a href='https:\/\/lbo2.localbiodiversityoutlooks.net\/fr\/transitions-foncieres-vers-une-protection-des-regimes-fonciers-coutumiers-des-peuples-autochtones-et-communautes-locales\/#easy-footnote-bottom-4-2264' title='Comit\u00e9 de la s\u00e9curit\u00e9 alimentaire mondiale et Organisation des Nations Unies pour l&amp;rsquo;alimentation et l&amp;rsquo;agriculture (2012) Directives volontaires pour une gouvernance responsable des r\u00e9gimes fonciers applicables aux terres, aux p\u00eaches et aux for\u00eats dans le contexte de la s\u00e9curit\u00e9 alimentaire nationale. Rome : Organisation des Nations Unies pour l&amp;rsquo;alimentation et l&amp;rsquo;agriculture. Disponible sur : &lt;a href=&quot;http:\/\/www.fao.org\/3\/a-i2801e.pdf&quot;&gt;http:\/\/www.fao.org\/3\/i2801f\/i2801f.pdf&lt;\/a&gt;'><sup>4<\/sup><\/a><\/span><\/em> que les <em>les Directives volontaires visant \u00e0 assurer la durabilit\u00e9 de la p\u00eache artisanale dans le contexte de la s\u00e9curit\u00e9 alimentaire et de l&rsquo;\u00e9radication de la pauvret\u00e9<span id='easy-footnote-5-2264' class='easy-footnote-margin-adjust'><\/span><span class='easy-footnote'><a href='https:\/\/lbo2.localbiodiversityoutlooks.net\/fr\/transitions-foncieres-vers-une-protection-des-regimes-fonciers-coutumiers-des-peuples-autochtones-et-communautes-locales\/#easy-footnote-bottom-5-2264' title='Organisation des Nations Unies pour l&amp;rsquo;alimentation et l&amp;rsquo;agriculture (2015) Directives volontaires visant \u00e0 assurer la durabilit\u00e9 de la p\u00eache artisanale dans le contexte de la s\u00e9curit\u00e9 alimentaire et de l&amp;rsquo;\u00e9radication de la pauvret\u00e9. Rome : Organisation des Nations Unies pour l&amp;rsquo;alimentation et l&amp;rsquo;agriculture. Disponible sur : &lt;a href=&quot;http:\/\/www.fao.org\/documents\/card\/en\/c\/I4356EN&quot;&gt;http:\/\/www.fao.org\/3\/i4356fr\/I4356FR.pdf&lt;\/a&gt;'><sup>5<\/sup><\/a><\/span><\/em> ont \u00e9t\u00e9 adopt\u00e9es avec un large soutien. Si elles sont pleinement mises en \u0153uvre, elles peuvent faciliter les progr\u00e8s \u00e0 tous les niveaux pour garantir le r\u00e9gime foncier coutumier des peuples autochtones et des communaut\u00e9s locales, ainsi que l&rsquo;\u00e9galit\u00e9 entre les sexes.<\/p>\n<p>La D\u00e9claration de l&rsquo;Union africaine sur les probl\u00e8mes et enjeux fonciers en Afrique r\u00e9sout de garantir que les droits fonciers accordent un acc\u00e8s \u00e9quitable aux terres et aux ressources connexes entre tous les utilisateurs de la terre, y compris les jeunes et les autres groupes priv\u00e9s de terre et vuln\u00e9rables comme les personnes d\u00e9plac\u00e9es, et de consolider les garanties du r\u00e9gime foncier pour les femmes, qui exige une attention particuli\u00e8re.<span id='easy-footnote-6-2264' class='easy-footnote-margin-adjust'><\/span><span class='easy-footnote'><a href='https:\/\/lbo2.localbiodiversityoutlooks.net\/fr\/transitions-foncieres-vers-une-protection-des-regimes-fonciers-coutumiers-des-peuples-autochtones-et-communautes-locales\/#easy-footnote-bottom-6-2264' title='Union africaine (2017) &lt;em&gt;AU Declaration on Land Issues and Challenges: A Review Of Progress Made&lt;\/em&gt;. Rapport \u00e0 la Conf\u00e9rence du Comit\u00e9 technique sp\u00e9cialis\u00e9 sur l&amp;rsquo;agriculture, le d\u00e9veloppement rural, l&amp;rsquo;eau et l&amp;rsquo;environnement. Union africaine. Disponible sur : &lt;a href=&quot;https:\/\/au.int\/sites\/default\/files\/documents\/33005-doc-draft_report_to_au_stc_progress_in_implementing_the_au_declaration_on_land_issues_and_challenges_in_africa_2017_revised_with_guideline.pdf&quot;&gt;https:\/\/au.int\/sites\/default\/files\/documents\/33005-doc-draft_report_to_au_stc_progress_in_implementing_the_au_declaration_on_land_issues_and_challenges_in_africa_2017_revised_with_guideline.pdf&lt;\/a&gt;'><sup>6<\/sup><\/a><\/span><\/p>\n<p>Alors qu&rsquo;en 1979 seul un ou deux parlements reconnaissaient les communaut\u00e9s comme des propri\u00e9taires fonciers \u00e0 part enti\u00e8re, en 2019 les lois fonci\u00e8res de 73 des 100 pays r\u00e9cemment analys\u00e9s pr\u00e9voient une propri\u00e9t\u00e9 communautaire en plus de la propri\u00e9t\u00e9 publique et priv\u00e9e.<span id='easy-footnote-7-2264' class='easy-footnote-margin-adjust'><\/span><span class='easy-footnote'><a href='https:\/\/lbo2.localbiodiversityoutlooks.net\/fr\/transitions-foncieres-vers-une-protection-des-regimes-fonciers-coutumiers-des-peuples-autochtones-et-communautes-locales\/#easy-footnote-bottom-7-2264' title='Wily, L.A. (2019) &lt;em&gt;Are community land rights becoming mainstream?&lt;\/em&gt; Land Rights Now. Disponible sur : &lt;a href=&quot;https:\/\/www.landrightsnow.org\/community-land-rights-2019\/&quot;&gt;https:\/\/www.landrightsnow.org\/community-land-rights-2019\/&lt;\/a&gt;'><sup>7<\/sup><\/a><\/span> Des progr\u00e8s satisfaisants ont \u00e9galement \u00e9t\u00e9 enregistr\u00e9s concernant la reconnaissance du r\u00e9gime foncier forestier communautaire. Selon Rights and Resources Initiative, \u00ab Depuis 2002, la superficie totale attribu\u00e9e aux peuples autochtones et aux communaut\u00e9s locales et d\u00e9tenue par ces peuples et communaut\u00e9s dans 58 pays a augment\u00e9 d&rsquo;au moins 40 %, soit 152 mha. Alors qu&rsquo;en 2002, seuls 40 pays disposaient de cadres juridiques instituant les communaut\u00e9s comme des propri\u00e9taires des for\u00eats ou des titulaires de droits d\u00e9sign\u00e9s, au moins 54 pays avaient instaur\u00e9 de tels instruments juridiques d&rsquo;ici 2017, avec de nouvelles possibilit\u00e9s pour une propri\u00e9t\u00e9 communautaire des for\u00eats en Indon\u00e9sie, au Kenya, au Mali et en Zambie depuis 2013. \u00bb<span id='easy-footnote-8-2264' class='easy-footnote-margin-adjust'><\/span><span class='easy-footnote'><a href='https:\/\/lbo2.localbiodiversityoutlooks.net\/fr\/transitions-foncieres-vers-une-protection-des-regimes-fonciers-coutumiers-des-peuples-autochtones-et-communautes-locales\/#easy-footnote-bottom-8-2264' title='Rights and Resources Initiative (2018). &lt;em&gt;\u00c0 la crois\u00e9e des chemins : tendances dominantes dans la reconnaissance des droits fonciers communautaires entre 2002 et 2017&lt;\/em&gt;. Washington, D.C. : Rights and Resources Initiative. Disponible sur : &lt;a href=&quot;https:\/\/rightsandresources.org\/en\/publication\/at-a-crossroads-trends-in-recognition-of-community-based-forest-tenure-from-2002-2017\/#.XrFq3xNKhBw&quot;&gt;https:\/\/rightsandresources.org\/fr\/publication\/at-a-crossroads-trends-in-recognition-of-community-based-forest-tenure-from-2002-2017\/#.X1eKzHkzaUk&lt;\/a&gt;'><sup>8<\/sup><\/a><\/span><\/p>\n<p>La Campagne Land Rights Now<span id='easy-footnote-9-2264' class='easy-footnote-margin-adjust'><\/span><span class='easy-footnote'><a href='https:\/\/lbo2.localbiodiversityoutlooks.net\/fr\/transitions-foncieres-vers-une-protection-des-regimes-fonciers-coutumiers-des-peuples-autochtones-et-communautes-locales\/#easy-footnote-bottom-9-2264' title='Land Rights Now. Disponible sur : &lt;a href=&quot;https:\/\/www.landrightsnow.org\/&quot;&gt;https:\/\/www.landrightsnow.org\/&lt;\/a&gt;'><sup>9<\/sup><\/a><\/span> et Land Tenure Facility<span id='easy-footnote-10-2264' class='easy-footnote-margin-adjust'><\/span><span class='easy-footnote'><a href='https:\/\/lbo2.localbiodiversityoutlooks.net\/fr\/transitions-foncieres-vers-une-protection-des-regimes-fonciers-coutumiers-des-peuples-autochtones-et-communautes-locales\/#easy-footnote-bottom-10-2264' title='The Land Tenure Facility. Disponible sur : &lt;a href=&quot;https:\/\/thetenurefacility.org&quot;&gt;https:\/\/thetenurefacility.org&lt;\/a&gt;'><sup>10<\/sup><\/a><\/span> sont des partenariats internationaux avec les peuples autochtones et les communaut\u00e9s locales, ax\u00e9s sur le d\u00e9veloppement de la reconnaissance des droits fonciers collectifs.<\/p>\n<p>Aux niveaux national et local, certains exemples r\u00e9cents laissent \u00e9galement esp\u00e9rer pour l&rsquo;avenir :<\/p>\n<ul>\n<li>au Suriname, le 1er octobre 2019 fut un moment historique, avec la pr\u00e9sentation de deux projets de loi au Ministre du d\u00e9veloppement r\u00e9gional : une proposition de loi sur les droits collectifs pour les peuples autochtones et tribaux du Suriname, y compris les droits fonciers, et une proposition d&rsquo;amendement de la constitution. Ces propositions de loi \u00e9taient le r\u00e9sultat d&rsquo;ann\u00e9es de travail, notamment le fruit d&rsquo;une collaboration et de n\u00e9gociations entre le Minist\u00e8re du d\u00e9veloppement r\u00e9gional, charg\u00e9 de mettre en \u0153uvre la \u00ab feuille de route pour la r\u00e9alisation de la reconnaissance juridique des droits fonciers des peuples autochtones et tribaux du Suriname \u00bb, et l&rsquo;Association des dirigeants villageois autochtones, afin de mettre en \u0153uvre la d\u00e9cision de la Cour am\u00e9ricaine des droits de l&rsquo;homme de 2016 en faveur des peuples Kali\u00f1a et Lokono et, plus g\u00e9n\u00e9ralement, des peuples autochtones et tribaux du pays;<span id='easy-footnote-11-2264' class='easy-footnote-margin-adjust'><\/span><span class='easy-footnote'><a href='https:\/\/lbo2.localbiodiversityoutlooks.net\/fr\/transitions-foncieres-vers-une-protection-des-regimes-fonciers-coutumiers-des-peuples-autochtones-et-communautes-locales\/#easy-footnote-bottom-11-2264' title='de Jong, C. (2019) &lt;em&gt;Suriname\u2019s draft land rights act is testimony to the value of collective and sustained local action.&lt;\/em&gt; Moreton-in-Marsh : Forest Peoples Programme. Disponible sur : &lt;a href=&quot;https:\/\/www.forestpeoples.org\/en\/community-institutions-inter-american-human-rights-system-rights-land-natural-resources-economic&quot;&gt;https:\/\/www.forestpeoples.org\/en\/community-institutions-inter-american-human-rights-system-rights-land-natural-resources-economic&lt;\/a&gt;'><sup>11<\/sup><\/a><\/span><\/li>\n<li>en Bolivie, le peuple Tacana est parvenu \u00e0 prot\u00e9ger ses droits et sa diversit\u00e9 biologique au moyen de l&rsquo;autod\u00e9termination et de partenariats avec des organismes de conservation dans les territoires qui recouvrent partiellement le Parc national Madidi. Consolider la gouvernance a \u00e9t\u00e9 essentiel pour exercer leurs droits, puisque le droit seul ne suffit pas, et que les lois peuvent changer. Pendant des d\u00e9cennies, confront\u00e9 \u00e0 des lois et r\u00e8glements changeants, ainsi qu&rsquo;\u00e0 diff\u00e9rents d\u00e9fis de taille pos\u00e9s par des autoroutes, l&rsquo;extraction des ressources et l&rsquo;ouverture des parcs aux compagnies p\u00e9troli\u00e8res et gazi\u00e8res, le peuple Tacana, notamment au moyen d&rsquo;alliances avec des colons et des scientifiques en charge de la conservation, s&rsquo;est concentr\u00e9 sur l&rsquo;\u00e9laboration d&rsquo;un syst\u00e8me de gouvernance solide de grande ampleur, en donnant aux personnes les moyens de prendre leurs propres d\u00e9cisions, et a ainsi renforc\u00e9 sa lutte pour prot\u00e9ger la diversit\u00e9 biologique de son paysage ;<span id='easy-footnote-12-2264' class='easy-footnote-margin-adjust'><\/span><span class='easy-footnote'><a href='https:\/\/lbo2.localbiodiversityoutlooks.net\/fr\/transitions-foncieres-vers-une-protection-des-regimes-fonciers-coutumiers-des-peuples-autochtones-et-communautes-locales\/#easy-footnote-bottom-12-2264' title='Initiative \u00c9quateur (2018) &lt;em&gt;Consejo Ind\u00edgena Del Pueblo Tacana (CIPTA): Plurinational State of Bolivia.&lt;\/em&gt; Equator Initiative Case Studies. New York : Initiative \u00c9quateur. Disponible sur : &lt;a href=&quot;https:\/\/www.equatorinitiative.org\/2017\/05\/28\/consejo-indigena-del-pueblo-tacana\/&quot;&gt;https:\/\/www.equatorinitiative.org\/2017\/05\/28\/consejo-indigena-del-pueblo-tacana\/&lt;\/a&gt;'><sup>12<\/sup><\/a><\/span><\/li>\n<\/ul>\n<p>en 2019, au Panama, le Minist\u00e8re de l&rsquo;environnement a sign\u00e9 une r\u00e9solution juridique qui reconna\u00eet les droits des peuples Guna et Embera-Waunan dans les aires prot\u00e9g\u00e9es. Une autre loi, qui reconna\u00eet les droits du peuple Naso Tj\u00ebr Di, est actuellement devant la Cour supr\u00eame du Panama. Elle reconna\u00eet et respecte les droits du peuple Naso Tj\u00ebr Di, qui a longtemps pris soin des for\u00eats du pays et d&rsquo;un site du Patrimoine mondial de l&rsquo;UNESCO menac\u00e9 par des projets de barrages destructeurs. Cela repr\u00e9sente une avanc\u00e9e notable pour les droits humains et l&rsquo;environnement au Panama.[\/vc_column_text][\/vc_column][vc_column width=\u00a0\u00bb1\/6&Prime; offset=\u00a0\u00bbvc_hidden-sm vc_hidden-xs\u00a0\u00bb][\/vc_column][\/vc_row][vc_row css=\u00a0\u00bb.vc_custom_1605627594600{margin-bottom: 24px !important;}\u00a0\u00bb][vc_column][vc_single_image image=\u00a0\u00bb1815&Prime; img_size=\u00a0\u00bbfull\u00a0\u00bb css=\u00a0\u00bb.vc_custom_1614089700607{margin-bottom: -1px !important;border-top-width: 1px !important;border-right-width: 1px !important;border-bottom-width: 1px !important;border-left-width: 1px !important;border-left-color: #2b2e34 !important;border-left-style: solid !important;border-right-color: #2b2e34 !important;border-right-style: solid !important;border-top-color: #2b2e34 !important;border-top-style: solid !important;border-bottom-color: #2b2e34 !important;border-bottom-style: solid !important;border-radius: 1px !important;}\u00a0\u00bb][vc_row_inner css=\u00a0\u00bb.vc_custom_1603713535343{margin-bottom: 0px !important;margin-left: 0px !important;border-left-width: 1px !important;padding-bottom: 0px !important;padding-left: 12px !important;border-left-color: #2b2e34 !important;border-left-style: solid !important;border-radius: 1px !important;}\u00a0\u00bb][vc_column_inner css=\u00a0\u00bb.vc_custom_1603713477954{margin-bottom: 0px !important;padding-bottom: 0px !important;}\u00a0\u00bb][vc_single_image image=\u00a0\u00bb491&Prime; img_size=\u00a0\u00bb9&#215;9&Prime; css=\u00a0\u00bb.vc_custom_1605634118048{margin-top: 0px !important;margin-bottom: 0px !important;margin-left: -32px !important;padding-top: 0px !important;padding-bottom: 0px !important;}\u00a0\u00bb el_class=\u00a0\u00bbzeromargin\u00a0\u00bb][\/vc_column_inner][\/vc_row_inner][vc_row_inner][vc_column_inner css=\u00a0\u00bb.vc_custom_1603725966103{margin-top: -50px !important;margin-left: 24px !important;padding-right: 39px !important;}\u00a0\u00bb][vc_column_text]<\/p>\n<h6>Personnes rassembl\u00e9es sur les rives de Gichigami &#8211; Lac Sup\u00e9rieur &#8211; afin de protester contre le projet de pipeline de sable bitumineux Enbridge Line 3. Photo : Fibonacci Blue.<\/h6>\n<p>[\/vc_column_text][\/vc_column_inner][\/vc_row_inner][\/vc_column][\/vc_row][vc_row css=\u00a0\u00bb.vc_custom_1603726522867{margin-bottom: 24px !important;}\u00a0\u00bb][vc_column width=\u00a0\u00bb1\/6&Prime; offset=\u00a0\u00bbvc_hidden-sm vc_hidden-xs\u00a0\u00bb][\/vc_column][vc_column width=\u00a0\u00bb2\/3&Prime; offset=\u00a0\u00bbvc_col-md-offset-0 vc_col-sm-offset-2&Prime;][vc_column_text css=\u00a0\u00bb.vc_custom_1614089633366{border-top-width: 1px !important;padding-top: 24px !important;border-top-color: #2b2e34 !important;border-top-style: solid !important;border-radius: 1px !important;}\u00a0\u00bb]<\/p>\n<h4><strong>Les \u00e9l\u00e9ments cl\u00e9s de la transition<\/strong><\/h4>\n<p>[\/vc_column_text][vc_column_text]<\/p>\n<ul>\n<li>D\u00e9fendre les normes en mati\u00e8re de droits humains. La D\u00e9claration des Nations Unies sur les droits des peuples autochtones est suffisamment pr\u00e9cise pour donner lieu \u00e0 des droits identifiables et r\u00e9alisables et a \u00e9t\u00e9 accept\u00e9e comme seuil traduisant la norme minimum du droit international \u00e0 appliquer pour garantir les droits fonciers des peuples autochtones, y compris le consentement libre, pr\u00e9alable et \u00e9clair\u00e9 aux programmes et projets qui les affectent. La D\u00e9claration des Nations Unies sur les droits des paysans et des autres personnes travaillant dans les zones rurales a \u00e9t\u00e9 adopt\u00e9e plus r\u00e9cemment.<\/li>\n<li>Adopter et d\u00e9velopper des cadres, des m\u00e9canismes et des mesures concr\u00e8tes efficaces sur le plan constitutionnel, juridique, politique et institutionnel, afin de reconna\u00eetre et appliquer juridiquement et ad\u00e9quatement les droits des peuples autochtones et des communaut\u00e9s locales aux territoires, aux terres et aux ressources et de respecter leurs syst\u00e8mes fonciers coutumiers, y compris les droits des femmes.<\/li>\n<li>R\u00e9former la gouvernance fonci\u00e8re, et consolider les r\u00e8glements et la surveillance des entreprises commerciales afin de v\u00e9rifier le respect des droits humains et des normes environnementales.<\/li>\n<li>Consolider les institutions de gouvernance des peuples autochtones et des communaut\u00e9s locales relatives aux terres, territoires et ressources, y compris avec l&rsquo;utilisation de la cartographie participative communautaire.<\/li>\n<li>Transformer les politiques et pratiques en mati\u00e8re de conservation pour passer de mod\u00e8les bas\u00e9s sur l&rsquo;exclusion \u00e0 des approches collaboratives fond\u00e9es sur les droits qui soutiennent et promeuvent la conservation et l&rsquo;utilisation coutumi\u00e8re durable pilot\u00e9es par les communaut\u00e9s, et qui c\u00e9l\u00e8brent les relations r\u00e9ciproques entre la nature et la culture.<\/li>\n<li>Investir dans des partenariats et promouvoir des partenariats visant \u00e0 garantir les droits fonciers collectifs, notamment l&rsquo;acc\u00e8s \u00e0 la justice et une am\u00e9lioration des mesures de reddition des comptes, de remise en \u00e9tat et de restitution pour traiter les violations des droits fonciers des peuples autochtones et des communaut\u00e9s locales et la protection des d\u00e9fenseurs des droits humains environnementaux.<\/li>\n<\/ul>\n<p>&nbsp;<\/p>\n<p>[\/vc_column_text][\/vc_column][vc_column width=\u00a0\u00bb1\/6&Prime; offset=\u00a0\u00bbvc_hidden-sm vc_hidden-xs\u00a0\u00bb][\/vc_column][\/vc_row]<\/p>\n","protected":false},"excerpt":{"rendered":"<p>[vc_row css=\u00a0\u00bb.vc_custom_1605627452898{margin-bottom: 24px !important;}\u00a0\u00bb][vc_column width=\u00a0\u00bb1\/6&Prime; offset=\u00a0\u00bbvc_hidden-sm vc_hidden-xs\u00a0\u00bb][\/vc_column][vc_column width=\u00a0\u00bb2\/3&Prime; offset=\u00a0\u00bbvc_col-md-offset-0 vc_col-sm-offset-2&Prime; css=\u00a0\u00bb.vc_custom_1605798620649{margin-top: 72px !important;}\u00a0\u00bb][vc_column_text css=\u00a0\u00bb.vc_custom_1605799022486{border-top-width: 1px !important;padding-top: 16px !important;border-top-color: #2b2e34 !important;border-top-style: solid !important;border-radius: 1px !important;}\u00a0\u00bb] Transitions fonci\u00e8res vers une protection des r\u00e9gimes fonciers coutumiers des peuples autochtones et communaut\u00e9s locales [\/vc_column_text][\/vc_column][vc_column width=\u00a0\u00bb1\/6&Prime; offset=\u00a0\u00bbvc_hidden-sm vc_hidden-xs\u00a0\u00bb][\/vc_column][\/vc_row][vc_row css=\u00a0\u00bb.vc_custom_1603726522867{margin-bottom: 24px !important;}\u00a0\u00bb][vc_column width=\u00a0\u00bb1\/6&Prime; offset=\u00a0\u00bbvc_hidden-sm vc_hidden-xs\u00a0\u00bb][\/vc_column][vc_column width=\u00a0\u00bb2\/3&Prime; offset=\u00a0\u00bbvc_col-md-offset-0 vc_col-sm-offset-2&Prime;][vc_column_text css=\u00a0\u00bb.vc_custom_1614088452275{border-top-width: 1px !important;padding-top:&hellip;<\/p>\n","protected":false},"author":1,"featured_media":0,"comment_status":"closed","ping_status":"open","sticky":false,"template":"","format":"standard","meta":[],"categories":[23],"tags":[],"yoast_head":"<!-- This site is optimized with the Yoast SEO plugin v15.9 - https:\/\/yoast.com\/wordpress\/plugins\/seo\/ -->\n<title>Transitions fonci\u00e8res vers une protection des r\u00e9gimes fonciers coutumiers des peuples autochtones et communaut\u00e9s locales &bull; Perspectives locales de la diversit\u00e9 biologique 2<\/title>\n<meta name=\"robots\" content=\"index, follow, max-snippet:-1, max-image-preview:large, max-video-preview:-1\" \/>\n<link rel=\"canonical\" href=\"https:\/\/lbo2.localbiodiversityoutlooks.net\/fr\/transitions-foncieres-vers-une-protection-des-regimes-fonciers-coutumiers-des-peuples-autochtones-et-communautes-locales\/\" \/>\n<meta property=\"og:locale\" content=\"fr_FR\" \/>\n<meta property=\"og:type\" content=\"article\" \/>\n<meta property=\"og:title\" content=\"Transitions fonci\u00e8res vers une protection des r\u00e9gimes fonciers coutumiers des peuples autochtones et communaut\u00e9s locales &bull; Perspectives locales de la diversit\u00e9 biologique 2\" \/>\n<meta property=\"og:description\" content=\"[vc_row css=\u00a0\u00bb.vc_custom_1605627452898{margin-bottom: 24px !important;}\u00a0\u00bb][vc_column width=\u00a0\u00bb1\/6&Prime; offset=\u00a0\u00bbvc_hidden-sm vc_hidden-xs\u00a0\u00bb][\/vc_column][vc_column width=\u00a0\u00bb2\/3&Prime; offset=\u00a0\u00bbvc_col-md-offset-0 vc_col-sm-offset-2&Prime; css=\u00a0\u00bb.vc_custom_1605798620649{margin-top: 72px !important;}\u00a0\u00bb][vc_column_text css=\u00a0\u00bb.vc_custom_1605799022486{border-top-width: 1px !important;padding-top: 16px !important;border-top-color: #2b2e34 !important;border-top-style: solid !important;border-radius: 1px !important;}\u00a0\u00bb] Transitions fonci\u00e8res vers une protection des r\u00e9gimes fonciers coutumiers des peuples autochtones et communaut\u00e9s locales [\/vc_column_text][\/vc_column][vc_column width=\u00a0\u00bb1\/6&Prime; offset=\u00a0\u00bbvc_hidden-sm vc_hidden-xs\u00a0\u00bb][\/vc_column][\/vc_row][vc_row css=\u00a0\u00bb.vc_custom_1603726522867{margin-bottom: 24px !important;}\u00a0\u00bb][vc_column width=\u00a0\u00bb1\/6&Prime; offset=\u00a0\u00bbvc_hidden-sm vc_hidden-xs\u00a0\u00bb][\/vc_column][vc_column width=\u00a0\u00bb2\/3&Prime; offset=\u00a0\u00bbvc_col-md-offset-0 vc_col-sm-offset-2&Prime;][vc_column_text css=\u00a0\u00bb.vc_custom_1614088452275{border-top-width: 1px !important;padding-top:&hellip;\" \/>\n<meta property=\"og:url\" content=\"https:\/\/lbo2.localbiodiversityoutlooks.net\/fr\/transitions-foncieres-vers-une-protection-des-regimes-fonciers-coutumiers-des-peuples-autochtones-et-communautes-locales\/\" \/>\n<meta property=\"og:site_name\" content=\"Perspectives locales de la diversit\u00e9 biologique 2\" \/>\n<meta property=\"article:published_time\" content=\"2020-05-03T22:00:41+00:00\" \/>\n<meta property=\"article:modified_time\" content=\"2021-03-02T16:45:52+00:00\" \/>\n<meta name=\"twitter:card\" content=\"summary_large_image\" \/>\n<meta name=\"twitter:label1\" content=\"Dur\u00e9e de lecture est.\">\n\t<meta name=\"twitter:data1\" content=\"20 minutes\">\n<script type=\"application\/ld+json\" class=\"yoast-schema-graph\">{\"@context\":\"https:\/\/schema.org\",\"@graph\":[{\"@type\":\"WebSite\",\"@id\":\"https:\/\/lbo2.localbiodiversityoutlooks.net\/#website\",\"url\":\"https:\/\/lbo2.localbiodiversityoutlooks.net\/\",\"name\":\"Local Biodiversity Outlooks 2\",\"description\":\"A complement to the fifth edition of the Global Biodiversity Outlook\",\"potentialAction\":[{\"@type\":\"SearchAction\",\"target\":\"https:\/\/lbo2.localbiodiversityoutlooks.net\/?s={search_term_string}\",\"query-input\":\"required name=search_term_string\"}],\"inLanguage\":\"fr-FR\"},{\"@type\":\"WebPage\",\"@id\":\"https:\/\/lbo2.localbiodiversityoutlooks.net\/fr\/transitions-foncieres-vers-une-protection-des-regimes-fonciers-coutumiers-des-peuples-autochtones-et-communautes-locales\/#webpage\",\"url\":\"https:\/\/lbo2.localbiodiversityoutlooks.net\/fr\/transitions-foncieres-vers-une-protection-des-regimes-fonciers-coutumiers-des-peuples-autochtones-et-communautes-locales\/\",\"name\":\"Transitions fonci\\u00e8res vers une protection des r\\u00e9gimes fonciers coutumiers des peuples autochtones et communaut\\u00e9s locales &bull; Perspectives locales de la diversit\\u00e9 biologique 2\",\"isPartOf\":{\"@id\":\"https:\/\/lbo2.localbiodiversityoutlooks.net\/#website\"},\"datePublished\":\"2020-05-03T22:00:41+00:00\",\"dateModified\":\"2021-03-02T16:45:52+00:00\",\"author\":{\"@id\":\"https:\/\/lbo2.localbiodiversityoutlooks.net\/#\/schema\/person\/a7262f79b6fef0cf84761478272aa25e\"},\"breadcrumb\":{\"@id\":\"https:\/\/lbo2.localbiodiversityoutlooks.net\/fr\/transitions-foncieres-vers-une-protection-des-regimes-fonciers-coutumiers-des-peuples-autochtones-et-communautes-locales\/#breadcrumb\"},\"inLanguage\":\"fr-FR\",\"potentialAction\":[{\"@type\":\"ReadAction\",\"target\":[\"https:\/\/lbo2.localbiodiversityoutlooks.net\/fr\/transitions-foncieres-vers-une-protection-des-regimes-fonciers-coutumiers-des-peuples-autochtones-et-communautes-locales\/\"]}]},{\"@type\":\"BreadcrumbList\",\"@id\":\"https:\/\/lbo2.localbiodiversityoutlooks.net\/fr\/transitions-foncieres-vers-une-protection-des-regimes-fonciers-coutumiers-des-peuples-autochtones-et-communautes-locales\/#breadcrumb\",\"itemListElement\":[{\"@type\":\"ListItem\",\"position\":1,\"item\":{\"@type\":\"WebPage\",\"@id\":\"https:\/\/lbo2.localbiodiversityoutlooks.net\/fr\/home\/\",\"url\":\"https:\/\/lbo2.localbiodiversityoutlooks.net\/fr\/home\/\",\"name\":\"Home\"}},{\"@type\":\"ListItem\",\"position\":2,\"item\":{\"@type\":\"WebPage\",\"@id\":\"https:\/\/lbo2.localbiodiversityoutlooks.net\/fr\/transitions-foncieres-vers-une-protection-des-regimes-fonciers-coutumiers-des-peuples-autochtones-et-communautes-locales\/\",\"url\":\"https:\/\/lbo2.localbiodiversityoutlooks.net\/fr\/transitions-foncieres-vers-une-protection-des-regimes-fonciers-coutumiers-des-peuples-autochtones-et-communautes-locales\/\",\"name\":\"Transitions fonci\\u00e8res vers une protection des r\\u00e9gimes fonciers coutumiers des peuples autochtones et communaut\\u00e9s locales\"}}]},{\"@type\":\"Person\",\"@id\":\"https:\/\/lbo2.localbiodiversityoutlooks.net\/#\/schema\/person\/a7262f79b6fef0cf84761478272aa25e\",\"name\":\"MinuteWorks\",\"image\":{\"@type\":\"ImageObject\",\"@id\":\"https:\/\/lbo2.localbiodiversityoutlooks.net\/#personlogo\",\"inLanguage\":\"fr-FR\",\"url\":\"https:\/\/secure.gravatar.com\/avatar\/90a3bcdc83462db8fa5c0a31693a7a11?s=96&d=mm&r=g\",\"caption\":\"MinuteWorks\"},\"sameAs\":[\"https:\/\/lbo2.localbiodiversityoutlooks.net\"]}]}<\/script>\n<!-- \/ Yoast SEO plugin. -->","_links":{"self":[{"href":"https:\/\/lbo2.localbiodiversityoutlooks.net\/fr\/wp-json\/wp\/v2\/posts\/2264"}],"collection":[{"href":"https:\/\/lbo2.localbiodiversityoutlooks.net\/fr\/wp-json\/wp\/v2\/posts"}],"about":[{"href":"https:\/\/lbo2.localbiodiversityoutlooks.net\/fr\/wp-json\/wp\/v2\/types\/post"}],"author":[{"embeddable":true,"href":"https:\/\/lbo2.localbiodiversityoutlooks.net\/fr\/wp-json\/wp\/v2\/users\/1"}],"replies":[{"embeddable":true,"href":"https:\/\/lbo2.localbiodiversityoutlooks.net\/fr\/wp-json\/wp\/v2\/comments?post=2264"}],"version-history":[{"count":14,"href":"https:\/\/lbo2.localbiodiversityoutlooks.net\/fr\/wp-json\/wp\/v2\/posts\/2264\/revisions"}],"predecessor-version":[{"id":2795,"href":"https:\/\/lbo2.localbiodiversityoutlooks.net\/fr\/wp-json\/wp\/v2\/posts\/2264\/revisions\/2795"}],"wp:attachment":[{"href":"https:\/\/lbo2.localbiodiversityoutlooks.net\/fr\/wp-json\/wp\/v2\/media?parent=2264"}],"wp:term":[{"taxonomy":"category","embeddable":true,"href":"https:\/\/lbo2.localbiodiversityoutlooks.net\/fr\/wp-json\/wp\/v2\/categories?post=2264"},{"taxonomy":"post_tag","embeddable":true,"href":"https:\/\/lbo2.localbiodiversityoutlooks.net\/fr\/wp-json\/wp\/v2\/tags?post=2264"}],"curies":[{"name":"wp","href":"https:\/\/api.w.org\/{rel}","templated":true}]}}